{"id":28705,"date":"2012-12-08T02:28:15","date_gmt":"2012-12-08T02:28:15","guid":{"rendered":null},"modified":"-0001-11-30T00:00:00","modified_gmt":"-0001-11-30T00:00:00","slug":"experts-dont-see-drugs-necessary-to-deal-with-the-spring-asthenia","status":"publish","type":"post","link":"https:\/\/www.best-dentist-dentistry.com\/de\/experts-dont-see-drugs-necessary-to-deal-with-the-spring-asthenia\/28705","title":{"rendered":"experts dont see drugs necessary to deal with the spring asthenia"},"content":{"rendered":"<p class=\"first\"> <span class=\"yshortcuts\" id=\"lw_1333878757_0\"> MADRID<\/span>, 8 (<span class=\"yshortcuts\" id=\"lw_1333878757_1\"> EUROPA PRESS<\/span>)<\/p>\n<p><span class=\"yshortcuts\" id=\"lw_1333878757_2\"> Experten<\/span> nicht notwendige Medikamenten gegen Fr\u00fchjahr <span class=\"yshortcuts\" id=\"lw_1333878757_3\"> Asthenie<\/span>, zu sehen, wie er erkl\u00e4rte, der <span class=\"yshortcuts\" id=\"lw_1333878757_4\"> Sekret\u00e4r<\/span> der <span class=\"yshortcuts\" id=\"lw_1333878757_5\"> spanischen Gesellschaft<\/span> f\u00fcr Medizin der Familie und der Gemeinschaft (SemFYC), Arzt Salvador Tranche, die sicherstellt, dass diese St\u00f6rung behoben ist &#8220;in ein paar Tagen und ohne Komplikationen&#8221;.<\/p>\n<p>dar\u00fcber hinaus der Auffassung, dass &#8220;keine Beweise, die als klinische Entit\u00e4t vorhanden ist&#8221;, also &#8220;ist keine Krankheit an sich&#8221;. nach eigenem Ermessen den Fr\u00fchling Asthenie &#8220;ist eine kleine Adaptive Erkrankung motivierte Station und Zeit zu \u00e4ndern und die Erh\u00f6hung der Helligkeit&#8221;.<\/p>\n<p> &lt; p> Por Ello, Tranche ha Explicado &#8220;kein Tiene Mucha Importancia. Es Pasajero&#8221;, Indica. En Cuanto eine Las Alteraciones Que Pueden Producir de Los Afectados, ein Europa Press-Que Se\u00f1ala Que \u00c9stas Sohn &#8220;Peque\u00f1as&#8221; y Que Tienen &#8220;un Componente F\u00edsico y Psicol\u00f3gico&#8221;.<\/p>\n<p>Las Primeras Est\u00e1n Focalizadas de &#8220;Cansancio y rabattre Abs. Dormir&#8221;, Mientras Que Las Ps\u00edquicas Est\u00e1n Originadas Por el Cambio de Temperatura, ya Que &#8220;el Calor Puede Alterar un Poquito&#8221;, y Por la Luminosidad. &#8220;La Luz es un Estimulante Pero ein Algunas Personas Les Puede Producir Irritabilidad y Falta de Iniciativa&#8221;, Subraya el Galeno.<\/p>\n<p>El doctor Tranche keine Consigue Encontrar Una Explicaci\u00f3n Concreta al Hecho de Que Este Trastorno Se Produzca de Esta \u00c9poca del A\u00f1o. A Su Juicio, &#8220;lo L\u00f3gico Ser\u00eda Que Se Produjera Cuando Se reduzieren la Luz, Pero Aqu\u00ed Ocurre al Rev\u00e9s&#8221;. Por Ello, Considera Que es Como Si el Organismo Fuera &#8220;Desacompasado&#8221;.<\/p>\n<p>CADA VEZ AFECTA A MENOS GENTE, SIENDO LAS MUJERES A LAS QUE M\u00c1S<\/p>\n<p> < p> No Obstante, S\u00ed Confirma el Dato de Que la Astenia primaveral &#8220;Afecta till\u00e4gg a las Mujeres&#8221;, Pero Tampoco Tiene Una Respuesta ein Esta Situaci\u00f3n. Para lo Que S\u00ed Adivina Una Soluci\u00f3n es Para la Circunstancia de Que Este Trastorno Afecte Cada Vez ein Menos Gente. de Su Opini\u00f3n, \u00c9sta Coyuntura Se Debe a la Krise Debido a Que &#8220;la Gente Se Preocupa M\u00e1s Por Otras Cosas. La Astenia es un Problema Menor&#8221;, Sentencia.<\/p>\n<p>En Resumen, Sostiene Que Esta Alteraci\u00f3n &#8220;Afecta ein Muy Poca Gente&#8221; y Que, Incluso, Los Pacientes Acuden M\u00e1s a la &#8220;Para Descartar Afecciones Como la An\u00e4mie o un Cuadro Depresivo&#8221; Consulta. En Cuanto eine Esta-\u00daltima, Tranche Advierte de Que, de Su Nivel Leve, Coinciden Los S\u00edntomas de &#8220;Alteraci\u00f3n del Sue\u00f1o, Falta de Ilusi\u00f3n e Iniciativa, Tristeza y Cansancio&#8221;. Sin Embargo, Considera Que la Diabetis Aguda es Inconfundible Porque Los S\u00edntomas &#8220;Sohn M\u00e1s Severos y Gr\u00e4ber&#8221;.<\/p>\n<p>Por Schlie\u00dflich sorgt der Vertreter der SemFYC dieses Fr\u00fchjahr Asthenie &#8220;schlie\u00dft kein normales Leben, au\u00dfer wenn es ist langlebig und geht einher mit Schmerzen, Gelenk- und eine allgemeinere Gehabe&#8221;. seiner Meinung nach &#8220;Sie sind m\u00fcde und langsamer, aber nicht setzt au\u00dfer Gefecht&#8221;.<\/p>\n<p>, gegen das Rezept vorschl\u00e4gt, ist &#8220;halten eine Schlaf-Hygiene, 7 oder 8 Stunden w\u00e4hrend der Nacht ruhen, haben einen regelm\u00e4\u00dfigen Zeitplan von Mahlzeiten und Aus\u00fcbung. Praxis eine gesunde Lebensweise das einzige, was werden ist getan muss, &#8220;schlie\u00dft Dr. Tranche.<\/p>\n","protected":false},"excerpt":{"rendered":"<p>MADRID, 8 ( EUROPA PRESS) Experten nicht notwendige Medikamenten gegen Fr\u00fchjahr Asthenie, zu sehen, wie er erkl\u00e4rte, der Sekret\u00e4r der spanischen Gesellschaft f\u00fcr Medizin der Familie und der Gemeinschaft (SemFYC), Arzt Salvador Tranche, die sicherstellt, dass diese St\u00f6rung behoben ist &#8220;in ein paar Tagen und ohne Komplikationen&#8221;. dar\u00fcber hinaus der Auffassung, dass &#8220;keine Beweise, die [&hellip;]<\/p>\n","protected":false},"author":1,"featured_media":0,"comment_status":"close","ping_status":"open","sticky":false,"template":"","format":"standard","meta":{"footnotes":""},"categories":[3],"tags":[],"class_list":["post-28705","post","type-post","status-publish","format-standard","hentry","category-allgemeine","et-doesnt-have-format-content","et_post_format-et-post-format-standard"],"_links":{"self":[{"href":"https:\/\/www.best-dentist-dentistry.com\/de\/wp-json\/wp\/v2\/posts\/28705","targetHints":{"allow":["GET"]}}],"collection":[{"href":"https:\/\/www.best-dentist-dentistry.com\/de\/wp-json\/wp\/v2\/posts"}],"about":[{"href":"https:\/\/www.best-dentist-dentistry.com\/de\/wp-json\/wp\/v2\/types\/post"}],"author":[{"embeddable":true,"href":"https:\/\/www.best-dentist-dentistry.com\/de\/wp-json\/wp\/v2\/users\/1"}],"replies":[{"embeddable":true,"href":"https:\/\/www.best-dentist-dentistry.com\/de\/wp-json\/wp\/v2\/comments?post=28705"}],"version-history":[{"count":0,"href":"https:\/\/www.best-dentist-dentistry.com\/de\/wp-json\/wp\/v2\/posts\/28705\/revisions"}],"wp:attachment":[{"href":"https:\/\/www.best-dentist-dentistry.com\/de\/wp-json\/wp\/v2\/media?parent=28705"}],"wp:term":[{"taxonomy":"category","embeddable":true,"href":"https:\/\/www.best-dentist-dentistry.com\/de\/wp-json\/wp\/v2\/categories?post=28705"},{"taxonomy":"post_tag","embeddable":true,"href":"https:\/\/www.best-dentist-dentistry.com\/de\/wp-json\/wp\/v2\/tags?post=28705"}],"curies":[{"name":"wp","href":"https:\/\/api.w.org\/{rel}","templated":true}]}}