{"id":28781,"date":"2012-12-08T02:50:44","date_gmt":"2012-12-08T02:50:44","guid":{"rendered":null},"modified":"-0001-11-30T00:00:00","modified_gmt":"-0001-11-30T00:00:00","slug":"the-vice-president-of-colombia-out-of-intensive-care-unit","status":"publish","type":"post","link":"https:\/\/www.best-dentist-dentistry.com\/de\/the-vice-president-of-colombia-out-of-intensive-care-unit\/28781","title":{"rendered":"the vice president of colombia out of intensive care unit"},"content":{"rendered":"<p class=\"first\"> Bogota, 29 jun (EFE).-der Vize-Pr\u00e4sident Kolumbiens, Angelino Garz\u00f3n, in einem Krankenhaus in Bogot\u00e1 am 14. Juni f\u00fcr eine zerebrale Isch\u00e4mie (Reduktion der Hirndurchblutung) zugelassen, sagte heute der Intensivstation verlassen heute die Institution in einem Communiqu\u00e9 medizinische<\/p>\n<p>La Cl\u00ednica Reina Sofia, wo es Garz\u00f3n bleibt, berichtete, dass Vizepr\u00e4sident &#8220;entwickelt sich positiv&#8221;, &#8220;bewusst&#8221; ist und jetzt &#8220;ganzheitliche Rehabilitation stellt die gr\u00f6\u00dfte Herausforderung der neuen Etappe, die in seiner Behandlung folgt&#8221;.<\/p>\n<p>kolumbianischen Vizepr\u00e4sidenten &#8220;aus der Intensivstation in einem Zimmer unter strenge klinische \u00dcberwachung \u00fcbertragen wurden&#8221;, sagte die Notiz, die tr\u00e4gt die Signatur des wissenschaftlichen Direktors, Andrew Knight.<\/p>\n<p>Garzon, der 65 Jahre in die Vergangenheit ausgesetzt war 21. Juni um erholend&#8221;Gehirn&#8221; induzierte zur Vermeidung eine m\u00f6gliche Verschlechterung der Gebiet betroffen von der Verletzung, das Mittelhirn, die Vitalfunktionen verpflichtet, nach der \u00c4rzte.<\/p>\n<p>Gewinnungvon Association, Garz\u00f3n wurde Juan Manuel Santos Formel die Pr\u00e4sidentschaft von Kolumbien 2010 erreichen. beide vereidigt am 7. August von diesem Jahr.<\/p>\n<p>Tage nach Annahme der Vizepr\u00e4sidentschaft, Garzon erlitt ein Herzleiden, die mit Erfolg betrieben wurde und seitdem ist eine spezielle Di\u00e4t. EFE<\/p>\n","protected":false},"excerpt":{"rendered":"<p>Bogota, 29 jun (EFE).-der Vize-Pr\u00e4sident Kolumbiens, Angelino Garz\u00f3n, in einem Krankenhaus in Bogot\u00e1 am 14. Juni f\u00fcr eine zerebrale Isch\u00e4mie (Reduktion der Hirndurchblutung) zugelassen, sagte heute der Intensivstation verlassen heute die Institution in einem Communiqu\u00e9 medizinische La Cl\u00ednica Reina Sofia, wo es Garz\u00f3n bleibt, berichtete, dass Vizepr\u00e4sident &#8220;entwickelt sich positiv&#8221;, &#8220;bewusst&#8221; ist und jetzt &#8220;ganzheitliche [&hellip;]<\/p>\n","protected":false},"author":1,"featured_media":0,"comment_status":"close","ping_status":"open","sticky":false,"template":"","format":"standard","meta":{"footnotes":""},"categories":[3],"tags":[],"class_list":["post-28781","post","type-post","status-publish","format-standard","hentry","category-allgemeine","et-doesnt-have-format-content","et_post_format-et-post-format-standard"],"_links":{"self":[{"href":"https:\/\/www.best-dentist-dentistry.com\/de\/wp-json\/wp\/v2\/posts\/28781","targetHints":{"allow":["GET"]}}],"collection":[{"href":"https:\/\/www.best-dentist-dentistry.com\/de\/wp-json\/wp\/v2\/posts"}],"about":[{"href":"https:\/\/www.best-dentist-dentistry.com\/de\/wp-json\/wp\/v2\/types\/post"}],"author":[{"embeddable":true,"href":"https:\/\/www.best-dentist-dentistry.com\/de\/wp-json\/wp\/v2\/users\/1"}],"replies":[{"embeddable":true,"href":"https:\/\/www.best-dentist-dentistry.com\/de\/wp-json\/wp\/v2\/comments?post=28781"}],"version-history":[{"count":0,"href":"https:\/\/www.best-dentist-dentistry.com\/de\/wp-json\/wp\/v2\/posts\/28781\/revisions"}],"wp:attachment":[{"href":"https:\/\/www.best-dentist-dentistry.com\/de\/wp-json\/wp\/v2\/media?parent=28781"}],"wp:term":[{"taxonomy":"category","embeddable":true,"href":"https:\/\/www.best-dentist-dentistry.com\/de\/wp-json\/wp\/v2\/categories?post=28781"},{"taxonomy":"post_tag","embeddable":true,"href":"https:\/\/www.best-dentist-dentistry.com\/de\/wp-json\/wp\/v2\/tags?post=28781"}],"curies":[{"name":"wp","href":"https:\/\/api.w.org\/{rel}","templated":true}]}}