{"id":28842,"date":"2012-12-08T03:17:19","date_gmt":"2012-12-08T03:17:19","guid":{"rendered":null},"modified":"-0001-11-30T00:00:00","modified_gmt":"-0001-11-30T00:00:00","slug":"valdecilla-tested-drugs-in-its-more-experimental-phase-from-the-spring-of-2013-at-people","status":"publish","type":"post","link":"https:\/\/www.best-dentist-dentistry.com\/de\/valdecilla-tested-drugs-in-its-more-experimental-phase-from-the-spring-of-2013-at-people\/28842","title":{"rendered":"Valdecilla Drogen in seine experimentelle Phase ab Fr\u00fchjahr 2013 am Menschen getestet"},"content":{"rendered":"<p class=\"first\"> Dank der Inbetriebnahme des Ger\u00e4tes von klinischen Studien, er\u00f6ffnet am heutigen Mittwoch<\/p>\n<p>, <\/p>\n<p>SANTANDER, 10 (EUROPA PRESS)<\/p>\n<p>El Hospital Universitario Marqu\u00e9s de Valdecilla (HUMV) mit Menschen aus &#8220;Fr\u00fchjahr 2013&#8221;, Testen neuer Medikamente in seiner eher experimentellen Phase (phase I) dank der Inbetriebnahme des Ger\u00e4tes von klinischen Studien, die ge\u00f6ffnet Mittwoch und bedeutete, dass eine Investition von EUR 0,6 Mio., beigetragen zu gleichen Teilen von der Regierung von Cantabria und Farmaindustria.<\/p>\n<p>befindet sich im Pavillon 15-2\u00aa, angrenzend an den Dienst f\u00fcr klinische Pharmakologie, und hat eine Fl\u00e4che von 250 qm, mit Platz f\u00fcr das Studium der gleichzeitigen auf neun Personen mit Systemen, die \u00dcberwachung und Sauerstoff Steckdosen und leer (vier Betten und f\u00fcnf Sessel), wie berichtet, in der Tat, der Direktor des Instituts f\u00fcr Bildung und Forschung Marquis von Valdecilla (IFIMAV), Galo Peralta.<\/p>\n<p>, die Einweihung hat auch der Pr\u00e4sident von Cantabria, Ignacio Diego; die Ministerin f\u00fcr Gesundheit und soziale Dienste, Mar\u00eda Jos\u00e9 S\u00e1enz de Buruaga unterst\u00fctzt; und der Direktor der Beziehungen zu den selbstst\u00e4ndigen Gemeinden Farmaindustria, Jos\u00e9 Ram\u00f3n Yag\u00fce, zwischen anderen.<\/p>\n<p>nach der Einweihung, die Beh\u00f6rden machten eine Tour durch diese Einrichtungen, die, zus\u00e4tzlich zum haben drei Zimmer des Krankenhausaufenthalts mit den Pfosten f\u00fcr neun Patienten mit Motoren von Blutdruck, Herzfrequenz, EKG, Temperatur, und O2-S\u00e4ttigung ist ausgestattet mit Laborbereich und Datei von biologischen Proben und Platz f\u00fcr den Rest des Patienten und gesunden Freiwilligen.<\/p>\n<p>dar\u00fcber hinaus ist es ausgestattet mit Sicherheitsma\u00dfnahmen f\u00fcr diese Menschen, als ein Defibrillator, Truck Stop, synchronisierte Uhren, Temperatur-Kontrolle und Sicherheit und Alarmsystem in Gefrierschr\u00e4nke und K\u00fchlschr\u00e4nke.<\/p>\n<p>&#8220;Tercera&#8221; im Norden von Spanien<\/p>\n<p>mit der implementation of this service, which will be at full capacity &#8220;at the beginning of the year that comes&#8221;, according to Peralta, the Valdecilla passed to increase the list of 23 units of phase I clinical trials that are currently in Spain.<\/p>\n<p>this resource can also dedicate to clinical research in Pediatrics, an area which develops in &#8220;very few centres&#8221;, according to Peralta, and which represents a &#8220;niche that implies an opportunity&#8221;.<\/p>\n<p>specifically, this new drive will be &#8220;the third in the North of Spain&#8221; with capacity for clinical trials from phase I, after Navarre and the Basque country, as it has an Apostille in his speech the President regional.<\/p>\n<p>a &#8220;quality label&#8221; for VALDECILLA<\/p>\n<p>Diego has stressed that to have this unit gives Valdecilla, which, he said, is already a &#8220;pride for Cantabria&#8221;, one &#8220;mark of quality&#8221;.<\/p>\n<p> &lt; p&gt; In diesem Sinne hat zugegeben, dass seine &#8220;proudest&#8221; ist, dass mit dieser neuen Ressource, das Krankenhaus nicht nur zur &#8220;F\u00f6rderung des Wissens tr\u00e4gt&#8221; und Forschung, sondern auch, dass ihre Ergebnisse werden dazu dienen, Menschen zu heilen, die, wie bereits erw\u00e4hnt, &#8220;in einigen F\u00e4llen&#8221; in dieser experimentellen Drogen &#8220;die einzige Option&#8221; um \u00fcberleben zu k\u00f6nnen.<\/p>\n<p>Diego erkl\u00e4rt, dass das Ger\u00e4t von klinischen Studien ist etwas &#8220;transzendent&#8221; f\u00fcr Valdecilla und Kantabrien und best\u00e4tigt die Rolle der Farmaindustria bei der Umsetzung im Gange und ohne deren &#8220;enge Zusammenarbeit&#8221; &#8211; sagte &#8211; &#8220;nicht er gewesen eine Realit\u00e4t&#8221;.<\/p>\n<p>&#8220;Vertrauensverh\u00e4ltnis&#8221;<\/p>\n<p>Regionspr\u00e4sident hat unterstrichen und zwischen der Landesregierung und Farmaindustria gesch\u00e4tzt wurde wiederherstellen &#8220;Vertrauen&#8221;, die seiner Ansicht nach &#8220;erheblich&#8221; von Schulden gebrochen hatte Kantabrien zum Treffen mit der Industrie kamen.<\/p>\n<p> &lt; p&gt; This unit will be available for all researchers of Valdecilla and other non-this requiring their services, both for the completion of phase I trials, as the no phase I, in experimentation more advanced before leaving the market (phase II and III) or even later (IV).<\/p>\n<p>as expected, will be the clinical pharmacology service personnel responsible for starting up the unit, its monitoring and control, establish relations with the remaining services of the hospital and the execution of the tests.<\/p>\n<p>at the inauguration of this resource, it has been announced that there is already some trials &#8220;in the making&#8221; and will &#8220;soon&#8221; begin.<\/p>\n<p>so far, in Cantabria, and specifically in Valdecilla, already carried out clinical trials of no phase I, &#8220;fundamentally&#8221; in III, in the fields of Oncology, rheumatology, and infectious as noted the representative of Farmaindustria.<\/p>\n<p>Yag\u00fce has pointed out that the coming into operation of this new unit &#8220;generates illusion&#8221; after a long period of work that began in 2010 with the agreement between Farmaindustria and the regional government to finance it.<\/p>\n<p>has recognized when we started the project were &#8220;different times&#8221; economically, from which the pharmaceutical industry has lost resources for research by &#8220;hard adjustments&#8221; which, in his view, have been about her.<\/p>\n<p>according to the data provided, in previous years intended by industry for research items exceeded 1 billion but in 2011 a 5.3% fell with regard to the previous year to 974, of which 470 were destined to clinical tests<\/p>\n<p>in Cantabria, the industry spent a total of 3.7 million euros on research in Cantabria contracts in 2011, a &#8220;somewhat lower&#8221; figure according to Yag\u00fce, to 2008 levels.<\/p>\n<p>to seiner Ansicht nach ist diese Daten im Herbst die pharmazeutische Investitionen in die Forschung &#8220;eine schlechte Nachricht f\u00fcr ein Land, deren Schwerpunkt Forschung und Entwicklung&#8221;.<\/p>\n","protected":false},"excerpt":{"rendered":"<p>Dank der Inbetriebnahme des Ger\u00e4tes von klinischen Studien, er\u00f6ffnet am heutigen Mittwoch , SANTANDER, 10 (EUROPA PRESS) El Hospital Universitario Marqu\u00e9s de Valdecilla (HUMV) mit Menschen aus &#8220;Fr\u00fchjahr 2013&#8221;, Testen neuer Medikamente in seiner eher experimentellen Phase (phase I) dank der Inbetriebnahme des Ger\u00e4tes von klinischen Studien, die ge\u00f6ffnet Mittwoch und bedeutete, dass eine Investition [&hellip;]<\/p>\n","protected":false},"author":1,"featured_media":0,"comment_status":"close","ping_status":"open","sticky":false,"template":"","format":"standard","meta":{"footnotes":""},"categories":[3],"tags":[39205],"class_list":["post-28842","post","type-post","status-publish","format-standard","hentry","category-allgemeine","tag-frhjahr","et-doesnt-have-format-content","et_post_format-et-post-format-standard"],"_links":{"self":[{"href":"https:\/\/www.best-dentist-dentistry.com\/de\/wp-json\/wp\/v2\/posts\/28842","targetHints":{"allow":["GET"]}}],"collection":[{"href":"https:\/\/www.best-dentist-dentistry.com\/de\/wp-json\/wp\/v2\/posts"}],"about":[{"href":"https:\/\/www.best-dentist-dentistry.com\/de\/wp-json\/wp\/v2\/types\/post"}],"author":[{"embeddable":true,"href":"https:\/\/www.best-dentist-dentistry.com\/de\/wp-json\/wp\/v2\/users\/1"}],"replies":[{"embeddable":true,"href":"https:\/\/www.best-dentist-dentistry.com\/de\/wp-json\/wp\/v2\/comments?post=28842"}],"version-history":[{"count":0,"href":"https:\/\/www.best-dentist-dentistry.com\/de\/wp-json\/wp\/v2\/posts\/28842\/revisions"}],"wp:attachment":[{"href":"https:\/\/www.best-dentist-dentistry.com\/de\/wp-json\/wp\/v2\/media?parent=28842"}],"wp:term":[{"taxonomy":"category","embeddable":true,"href":"https:\/\/www.best-dentist-dentistry.com\/de\/wp-json\/wp\/v2\/categories?post=28842"},{"taxonomy":"post_tag","embeddable":true,"href":"https:\/\/www.best-dentist-dentistry.com\/de\/wp-json\/wp\/v2\/tags?post=28842"}],"curies":[{"name":"wp","href":"https:\/\/api.w.org\/{rel}","templated":true}]}}