{"id":2886,"date":"2011-12-12T18:02:17","date_gmt":"2011-12-12T18:02:17","guid":{"rendered":null},"modified":"-0001-11-30T00:00:00","modified_gmt":"-0001-11-30T00:00:00","slug":"the-residential-model-debate","status":"publish","type":"post","link":"https:\/\/www.best-dentist-dentistry.com\/de\/the-residential-model-debate\/2886","title":{"rendered":"Die Wohnanlage Modell Debatte."},"content":{"rendered":"<p><strong>Residential Modell zur Debatte <br \/><font size=\"2\"> <br \/>Internationales Symposium \u00fcber Innovationen in Residenzen. Architektonische Gestaltung und das Modell des Pflege. <\/p>\n<p>&#8211;<\/font><\/strong> Palacio de Congresos de Madrid, 30 November\/1. Dezember 2011 <br \/> <strong><br \/><\/strong> <br \/> <font size=\"2\"> <strong>Spanien, 2011-Dezember<\/strong> entsprechend der INE gibt es derzeit 2.404.325 Spanier, die mehr als 80 Jahren haben. Im Jahr 2049 erreichen dieser Bev\u00f6lkerungsgruppe, die mit rasender Geschwindigkeit w\u00e4chst, die 5.645.000. Zur gleichen Zeit wird er weiterhin die Zahl der Menschen der n\u00e4chsten Generation (potenzielle Betreuer) durch den R\u00fcckgang der Geburtenrate fallen. Diese Indikatoren, noch mehr in unserem Land beschuldigt, als im Rest Europas, angek\u00fcndigt, dass der Druck auf die Sozialschutzsysteme in den kommenden Jahren erheblich zunehmen wird. <\/p>\n<p>In L\u00e4ndern mit erweiterten Sozialpolitik auftretenden Probleme umfasst die Definition der Modelle der Zukunft f\u00fcr Menschen in einer Situation der Abh\u00e4ngigkeit, die nachhaltige wirtschaftlich, zum Zeitpunkt der wird unter dem Vorsitz von den Begriff der Menschenrechte und Respekt f\u00fcr die Pr\u00e4ferenzen der Menschen, die Unterst\u00fctzung brauchen und Pflege. <\/p>\n<p>Im Bereich der Wohnbetreuung zeigen Tendenzen auf, dass wir viele weitere Orte der Unterkunft aufgrund des Verlustes der Familie Kapazit\u00e4t zu folgen, wie bisher m\u00fcssen vorausgesetzt Pflege auf eigene Kosten. Aber was sind H\u00e4user, die wir f\u00fcr unsere Eltern oder uns selbst, wollen wenn wir sie brauchen?. <\/p>\n<p> Obwohl die Zentren, die in Spanien sind in den letzten Jahren in Versorgungsqualit\u00e4t verbessert haben, bleiben Faktoren f\u00fcr die Verbesserung der Karte produziert Forschung. Die grundlegenden Probleme der Menschen in viel von der traditionellen Residenzen sind: Verlust der Kontrolle \u00fcber das Leben, Einschr\u00e4nkung der M\u00f6glichkeit, Entscheidungen \u00fcber die t\u00e4glichen Aktivit\u00e4ten, progressive Depersonalisation, Verschlechterung des Selbstwertgef\u00fchls, Schw\u00e4chung der sozialen Beziehungen, usw. <\/p>\n<p>Weitere Informationen zu unterschiedlichen Erfahrungen von anderen Modellen der Pflege, vergleichen Sie sie mit unseren Innovationen und reflektieren und diskutieren Aspekte der Verbesserung, die in unserem Land, die Caser Foundation ausgel\u00f6st werden kann, f\u00fcr die Einheit, die Stiftung S\u00e4ulen auf pers\u00f6nliche Autonomie und den Imserso in Madrid organisiert die Tage30. November und 1. Dezember der internationalen Konferenz \u00fcber Innovationen in Residenzen. Architektonische Gestaltung und Modell der Versorgung, in der diese Fragen behandelt werden, um H\u00e4user attraktiver zu machen, Menschen, die sie brauchen, ohne da\u00df es eine Zunahme der Kosten bedeutet. <\/p>\n<p>Die internationalen Trends, die auf der Konferenz, Karte Erfahrungen in der Unterkunft in diejenigen, die Pflege erhalten sind Haushalt, gem\u00fctliche R\u00e4ume, wo Leute dekorieren ihre Zimmer mit ihrer M\u00f6bel und Objekte, vorgestellt werden Ihre Einstellungen ber\u00fccksichtigt werden und w\u00fcnscht, sind gef\u00fcllt mit bedeutungslosen t\u00e4glichen Aktivit\u00e4tenFamilien k\u00f6nnen zu jeder Zeit das Zentrum zugreifen, gibt es Spielraum der Zeitpl\u00e4ne zum aufstehen oder Essen, etc. liegen, <\/p>\n<p>Welle hinter das Design und das Person-zentrierten Pflege-Modell ist Achtung der Menschenw\u00fcrde, und daraus, F\u00f6rderung der pers\u00f6nlichen Autonomie, die Verwirklichung der Rechte der Personen, die in Heimen, bieten Unterst\u00fctzung um ihre Abh\u00e4ngigkeit Status so weit wie m\u00f6glich zu minimierenF\u00f6rderung der Teilnahme am Leben des Zentrums f\u00fcr Familien und Angeh\u00f6rigen usw. <\/p>\n<p>Um Fortschritte in diesem neuen Modell zu erreichen, ist es notwendig zu fliehen normativen Steifigkeit regierenden Teil der vorhandenen Residenzen und bieten Unterst\u00fctzung Interventionen zugeschnitten auf jede Person, die zu besuchen. Die Arbeit von Profis ist Voraussetzung daf\u00fcr. <\/p>\n<p>Eingeladen zur Teilnahme an dieser Sitzung am renommierten amerikanischen Experten und verschiedenen europ\u00e4ischen L\u00e4ndern (Nordische L\u00e4nder, Gro\u00dfbritannien, Deutschland und Frankreich), die innovative Erfahrungen im Wohngebiet Angebot f\u00fcr Personen, die Hilfs- und Betreuungsdienste pr\u00e4sentieren k\u00f6nnen, auf wissenschaftlichen Erkenntnissen basierenden ben\u00f6tigen. <\/p>\n<p>Ebenso wurden ausgew\u00e4hlt und anschlie\u00dfend pr\u00e4sentiert einige der neuen Erfahrungen der Verbesserung, die in Spanien in verschiedenen autonomen Gemeinschaften, sowohl auf Initiative des Verwaltungs- und Service-Provider vorgenommen werden. Und auch ihre Vorschl\u00e4ge unterbreitet und beteiligte sich an der Diskussion Vertreter der \u00e4ltere Menschen und Menschen mit Behinderungen. <\/p>\n<p>Wir gehen durch eine schwierige wirtschaftliche Situation ist kein Fremder auf dem Ger\u00e4t-Care-Bereich. Diese Krise bietet jedoch auch die M\u00f6glichkeit, \u00fcber was wir tun und bieten innovative Antworten auf unsere Zukunft von m\u00f6glich st\u00e4rker Stiftungen ruhig zu \u00fcberdenken. <\/p>\n<p>Unterzeichnet <\/p>\n<p> Juan Sitges Breiter, Direktor der Stiftung f\u00fcr die Cacheabh\u00e4ngigkeit Caser <\/p>\n<p> Pilar Rodr\u00edguez, Pr\u00e4sident der Stiftung S\u00e4ulen der pers\u00f6nlichen Autonomie <\/p>\n<p> finden Sie unter das Programm: Fundacionpilares und Fundacioncaser. <\/p>\n<p><\/font><\/p>\n","protected":false},"excerpt":{"rendered":"<p>Residential Modell zur Debatte Internationales Symposium \u00fcber Innovationen in Residenzen. Architektonische Gestaltung und das Modell des Pflege. &#8211; Palacio de Congresos de Madrid, 30 November\/1. Dezember 2011 Spanien, 2011-Dezember entsprechend der INE gibt es derzeit 2.404.325 Spanier, die mehr als 80 Jahren haben. Im Jahr 2049 erreichen dieser Bev\u00f6lkerungsgruppe, die mit rasender Geschwindigkeit w\u00e4chst, die [&hellip;]<\/p>\n","protected":false},"author":1,"featured_media":0,"comment_status":"close","ping_status":"open","sticky":false,"template":"","format":"standard","meta":{"footnotes":""},"categories":[3],"tags":[9963,9962,9960,9958,9961,9959],"class_list":["post-2886","post","type-post","status-publish","format-standard","hentry","category-allgemeine","tag-brbr-","tag-architektonische","tag-debatte","tag-schmerz","tag-wohn-modell","tag-wohnanlage","et-doesnt-have-format-content","et_post_format-et-post-format-standard"],"_links":{"self":[{"href":"https:\/\/www.best-dentist-dentistry.com\/de\/wp-json\/wp\/v2\/posts\/2886","targetHints":{"allow":["GET"]}}],"collection":[{"href":"https:\/\/www.best-dentist-dentistry.com\/de\/wp-json\/wp\/v2\/posts"}],"about":[{"href":"https:\/\/www.best-dentist-dentistry.com\/de\/wp-json\/wp\/v2\/types\/post"}],"author":[{"embeddable":true,"href":"https:\/\/www.best-dentist-dentistry.com\/de\/wp-json\/wp\/v2\/users\/1"}],"replies":[{"embeddable":true,"href":"https:\/\/www.best-dentist-dentistry.com\/de\/wp-json\/wp\/v2\/comments?post=2886"}],"version-history":[{"count":0,"href":"https:\/\/www.best-dentist-dentistry.com\/de\/wp-json\/wp\/v2\/posts\/2886\/revisions"}],"wp:attachment":[{"href":"https:\/\/www.best-dentist-dentistry.com\/de\/wp-json\/wp\/v2\/media?parent=2886"}],"wp:term":[{"taxonomy":"category","embeddable":true,"href":"https:\/\/www.best-dentist-dentistry.com\/de\/wp-json\/wp\/v2\/categories?post=2886"},{"taxonomy":"post_tag","embeddable":true,"href":"https:\/\/www.best-dentist-dentistry.com\/de\/wp-json\/wp\/v2\/tags?post=2886"}],"curies":[{"name":"wp","href":"https:\/\/api.w.org\/{rel}","templated":true}]}}