{"id":28921,"date":"2012-12-09T02:44:01","date_gmt":"2012-12-09T02:44:01","guid":{"rendered":null},"modified":"-0001-11-30T00:00:00","modified_gmt":"-0001-11-30T00:00:00","slug":"vice-president-of-colombia-still-in-the-icu-in-delicate-but-stable-condition","status":"publish","type":"post","link":"https:\/\/www.best-dentist-dentistry.com\/de\/vice-president-of-colombia-still-in-the-icu-in-delicate-but-stable-condition\/28921","title":{"rendered":"Vizepr\u00e4sident von Kolumbien nach wie vor auf der Intensivstation in &#8220;zarte aber stabilen&#8221; Zustand"},"content":{"rendered":"<p class=\"first\"> (updates with statement from the clinic on State of health of Garz\u00f3n)<\/p>\n<p>Bogot\u00e1, 20 jun (EFE).-the Vice-President of Colombia, Angelino Garzon, continues in the unit of intensive care (ICU) of a hospital in Bogot\u00e1 after suffering a failure cerebrovascular who keeps you in &#8220;delicate but stable&#8221; condition, reported today the President Juan Manuel Santos.<\/p>\n<p>Santos, who last night returned from Los Cabos (Mexico) after attending the meeting of the g-20, worked as a spokesman before the citizenship after Garzon to visit and meet with the doctors at the Reina Sofia clinic in the capital Colombian.<\/p>\n<p>&#8220;his situation is delicate but stable. have done all that can humanly be&#8221;, told reporters gathered at the gate of the clinic, adding that Garzon is &#8220;in good hands&#8221; representative.<\/p>\n<p> &lt; p&gt; A recent statement issued by the scientific director of the clinic Delvalle, Reina Sofia, doctor Luis Augusto Cortes noted that Garzon suffers a cerebral ischemia (reduction of cerebral blood flow) and remains in intensive care.<\/p>\n<p>adds that the charge is &#8220;in a delicate but stable, condition under strict medical supervision, with protection measures as part of the management of its acute cerebrovascular disease neurological&#8221;.<\/p>\n<p>Precisa that bug &#8220;ischemic stroke, which is located in the midbrain, presents an expectable evolution, without clinical deterioration&#8221;.<\/p>\n<p>the doctor cuts also indicated that the medical team that attends to Garzon will report &#8220;in a timely manner&#8221; to the Government and public opinion of the State of health of the Vice President.<\/p>\n<p>&#8220;We hope, I believe that in this accompany me all Colombians so that their recovery is prompt and can get out of intensive care as soon as possible,&#8221; said Santos.<\/p>\n<p>the Pr\u00e4sident darauf hingewiesen, dass auch da Los Cabos in st\u00e4ndigem Kontakt mit der Frau von Garzon, der spanischen Montserrat Mu\u00f1oz, gewesen ist, die umgehend von der Gesundheitszustand der Vizepr\u00e4sident.<\/p>\n<p>Der Mario Mu\u00f1oz, Neurologe der Clinica Marly von Bogota, erkl\u00e4rte in Radio Caracol, dass, je nachdem, die Auswirkungen des Schadens, der Vice President m\u00fcssen Fehler in der Ansicht, im Speicher oder in der Sprache.<\/p>\n<p>sein Kollege Enrique Jim\u00e9nez Hakim, der Fundaci\u00f3n Santa Fe, erz\u00e4hlte die selben Station, die ein Szenario der \u00e4u\u00dferst schwere, da eine andere M\u00f6glichkeit ist, die diese Merkmale eine L\u00e4sion betrachtet, ist das Gehirn, Tod (induzierte oder nat\u00fcrliche) Koma oder Tod.<\/p>\n<p> informiert worden war <\/p>\n<p>Dies ist der zweite schwere Garz\u00f3n Gesundheit Komplikation seit Annahme der stellvertretender Vorsitz Kolumbiens vom 7. August 2010.<\/p>\n<p>wenig mehr als 24 Stunden, nachdem er vereidigt wird ein Herzleiden litt, die operiert werden musste und f\u00fcr mehrere Wochen arbeitsunf\u00e4hig war<\/p>\n<p>in den letzten Monaten Garzon reiste die Welt auf der Suche nach Unterst\u00fctzung f\u00fcr seine Kandidatur frustriert in der Richtung von der internationalen Arbeitsorganisation (ILO), die ver\u00e4ndert seine Routine, in der Regel bestreut mit medizinischen Untersuchungen und eine spezielle Di\u00e4t.<\/p>\n<p>Garzon, einer renommierten ehemaligen Gewerkschaft, begab sich die Vizepr\u00e4sidentschaft als Juan Manuel Santos, nach als Minister in der Regierung von Andr\u00e9s Pastrana (1998-2002) und Botschafter in Genf bei den Vereinten Nationen w\u00e4hrend der Pr\u00e4sidentschaft \u00c1lvaro Uribe V\u00e9lez (2002-2010) war die Vizepr\u00e4sidentschaft. EFE<\/p>\n<p>Agp-CMO\/Erm\/KPJ<\/p>\n","protected":false},"excerpt":{"rendered":"<p>(updates with statement from the clinic on State of health of Garz\u00f3n) Bogot\u00e1, 20 jun (EFE).-the Vice-President of Colombia, Angelino Garzon, continues in the unit of intensive care (ICU) of a hospital in Bogot\u00e1 after suffering a failure cerebrovascular who keeps you in &#8220;delicate but stable&#8221; condition, reported today the President Juan Manuel Santos. Santos, [&hellip;]<\/p>\n","protected":false},"author":1,"featured_media":0,"comment_status":"close","ping_status":"open","sticky":false,"template":"","format":"standard","meta":{"footnotes":""},"categories":[3],"tags":[],"class_list":["post-28921","post","type-post","status-publish","format-standard","hentry","category-allgemeine","et-doesnt-have-format-content","et_post_format-et-post-format-standard"],"_links":{"self":[{"href":"https:\/\/www.best-dentist-dentistry.com\/de\/wp-json\/wp\/v2\/posts\/28921","targetHints":{"allow":["GET"]}}],"collection":[{"href":"https:\/\/www.best-dentist-dentistry.com\/de\/wp-json\/wp\/v2\/posts"}],"about":[{"href":"https:\/\/www.best-dentist-dentistry.com\/de\/wp-json\/wp\/v2\/types\/post"}],"author":[{"embeddable":true,"href":"https:\/\/www.best-dentist-dentistry.com\/de\/wp-json\/wp\/v2\/users\/1"}],"replies":[{"embeddable":true,"href":"https:\/\/www.best-dentist-dentistry.com\/de\/wp-json\/wp\/v2\/comments?post=28921"}],"version-history":[{"count":0,"href":"https:\/\/www.best-dentist-dentistry.com\/de\/wp-json\/wp\/v2\/posts\/28921\/revisions"}],"wp:attachment":[{"href":"https:\/\/www.best-dentist-dentistry.com\/de\/wp-json\/wp\/v2\/media?parent=28921"}],"wp:term":[{"taxonomy":"category","embeddable":true,"href":"https:\/\/www.best-dentist-dentistry.com\/de\/wp-json\/wp\/v2\/categories?post=28921"},{"taxonomy":"post_tag","embeddable":true,"href":"https:\/\/www.best-dentist-dentistry.com\/de\/wp-json\/wp\/v2\/tags?post=28921"}],"curies":[{"name":"wp","href":"https:\/\/api.w.org\/{rel}","templated":true}]}}