{"id":28927,"date":"2012-12-09T02:44:36","date_gmt":"2012-12-09T02:44:36","guid":{"rendered":null},"modified":"-0001-11-30T00:00:00","modified_gmt":"-0001-11-30T00:00:00","slug":"government-confirms-second-death-by-flu-this-year-in-el-salvador","status":"publish","type":"post","link":"https:\/\/www.best-dentist-dentistry.com\/de\/government-confirms-second-death-by-flu-this-year-in-el-salvador\/28927","title":{"rendered":"government confirms second death by flu this year in el salvador"},"content":{"rendered":"<p class=\"first\"> San Salvador, 20 jun (EFE).-El Ministerio de Salud de El Salvador Confirm\u00f3 Hoy la Segunda Muerte Por gripe A de lo Que va de Este A\u00f1o e Inform\u00f3 Que Se Han Adresse M\u00e1s de 130 Casos de Esa Enfermedad de Este Pa\u00eds Centroamericano.<\/p>\n<p>La Segunda V\u00edctima sterblichen De La gripe eine &#8220;es Una Ni\u00f1a de Dos A\u00f1os y Cuatro Meses&#8221; Que Falleci\u00f3 el Pasado 1 de Junio de el estatal Krankenhaus Benjamin Bloom de San Salvador y \u00c4ra Originaria de Soyapango, Seis Kil\u00f3metros al Este De La Hauptstadt Dijo ein Efe Una Portavoz del Ministerio de Salud Salvadore\u00f1o.<\/p>\n<p>La Menor Sufr\u00eda Tambi\u00e9n de &#8220;Una Cardiopat\u00eda&#8221; y al Igual Que la Primera V\u00edctima Tods\u00fcnde Nr. Estaba Vacunada Contra la Gripe A, Agreg\u00f3.<\/p>\n<p>Originario El Primer Fallecimiento ein Consecuencia de Esta Enfermedad Se Registr\u00f3 el Pasado 9 de Mayo, de el Mismo Krankenhaus Donde Falleci\u00f3 la Segunda V\u00edctima, y \u00c4ra un Ni\u00f1o de un A\u00f1o y Medio de Edad De La Libertad (Centro).<\/p>\n<p>El Salvadoran Vice-Minister of health, Eduardo Espinoza, in statements to the press published today, said that &#8220;(&#8230;) two cases of deaths are children who have not been vaccinated and who were also susceptible&#8221;, since &#8220;one had cerebral palsy and the other a heart malformation&#8221;, said.<\/p>\n<p>until what year will this Central American country registers &#8220;132 cases of influenza A&#8221;, noted the spokesman to Reuters, without giving more details.<\/p>\n<p>director of health surveillance of the Ministry of health, Julio Armero, recently explained that the flu is &#8220;circulating&#8221; in the country since 2009 and that there was a &#8220;low flow&#8221; in 2010 and 2011 of the virus.<\/p>\n<p>in El Salvador killed 33 people in 2009 as a result of influenza, while other 851 contracted the virus, and in 2010 there was at least one death, according to official figures.<\/p>\n<p>the Gesundheitsbeh\u00f6rden einer Epidemie betroffenen verworfen, aber weiterhin aufrufen auf die Bev\u00f6lkerung nehmen die erforderlichen Ma\u00dfnahmen zur Verhinderung weiterer Ansteckung, unter ihnen des Impfstoffs ist, besonders gef\u00e4hrdeten Bev\u00f6lkerungsgruppen, wie Menschen im Alter von \u00fcber 60 Kinder und schwangere Frauen.<\/p>\n<p>die gemeinsame Grippe-Virus und mehr zwischen Juni und August, nach der Gesundheitsbeh\u00f6rden, also zuletzt zirkulieren kann eine Impfung auf nationaler Ebene Kampagne. entwickelt<\/p>\n<p>w\u00e4hrend der Kampagne wurden angewendet f\u00fcr Erwachsene und Kinder mehr als 1,4 Millionen Dosen und auch gegen Masern und R\u00f6teln nach Gesundheitsdaten geimpft wurden. EFE<\/p>\n","protected":false},"excerpt":{"rendered":"<p>San Salvador, 20 jun (EFE).-El Ministerio de Salud de El Salvador Confirm\u00f3 Hoy la Segunda Muerte Por gripe A de lo Que va de Este A\u00f1o e Inform\u00f3 Que Se Han Adresse M\u00e1s de 130 Casos de Esa Enfermedad de Este Pa\u00eds Centroamericano. La Segunda V\u00edctima sterblichen De La gripe eine &#8220;es Una Ni\u00f1a de [&hellip;]<\/p>\n","protected":false},"author":1,"featured_media":0,"comment_status":"close","ping_status":"open","sticky":false,"template":"","format":"standard","meta":{"footnotes":""},"categories":[3],"tags":[],"class_list":["post-28927","post","type-post","status-publish","format-standard","hentry","category-allgemeine","et-doesnt-have-format-content","et_post_format-et-post-format-standard"],"_links":{"self":[{"href":"https:\/\/www.best-dentist-dentistry.com\/de\/wp-json\/wp\/v2\/posts\/28927","targetHints":{"allow":["GET"]}}],"collection":[{"href":"https:\/\/www.best-dentist-dentistry.com\/de\/wp-json\/wp\/v2\/posts"}],"about":[{"href":"https:\/\/www.best-dentist-dentistry.com\/de\/wp-json\/wp\/v2\/types\/post"}],"author":[{"embeddable":true,"href":"https:\/\/www.best-dentist-dentistry.com\/de\/wp-json\/wp\/v2\/users\/1"}],"replies":[{"embeddable":true,"href":"https:\/\/www.best-dentist-dentistry.com\/de\/wp-json\/wp\/v2\/comments?post=28927"}],"version-history":[{"count":0,"href":"https:\/\/www.best-dentist-dentistry.com\/de\/wp-json\/wp\/v2\/posts\/28927\/revisions"}],"wp:attachment":[{"href":"https:\/\/www.best-dentist-dentistry.com\/de\/wp-json\/wp\/v2\/media?parent=28927"}],"wp:term":[{"taxonomy":"category","embeddable":true,"href":"https:\/\/www.best-dentist-dentistry.com\/de\/wp-json\/wp\/v2\/categories?post=28927"},{"taxonomy":"post_tag","embeddable":true,"href":"https:\/\/www.best-dentist-dentistry.com\/de\/wp-json\/wp\/v2\/tags?post=28927"}],"curies":[{"name":"wp","href":"https:\/\/api.w.org\/{rel}","templated":true}]}}