{"id":28970,"date":"2012-12-09T02:50:21","date_gmt":"2012-12-09T02:50:21","guid":{"rendered":null},"modified":"-0001-11-30T00:00:00","modified_gmt":"-0001-11-30T00:00:00","slug":"valencia-fires-evolve-favourably","status":"publish","type":"post","link":"https:\/\/www.best-dentist-dentistry.com\/de\/valencia-fires-evolve-favourably\/28970","title":{"rendered":"valencia fires evolve favourably"},"content":{"rendered":"<p class=\"first\"> MADRID (Reuters) &#8211; zwei schweren Br\u00e4nden deklariert in der Provinz Valencia weiter aktiv Montag sagte obwohl sich positiv entwickelnden sein w\u00fcrde eine leitende Valencia.<\/p>\n<p>Serafin Castellano, Berater des Innern, sagte, dass das Feuer am Cortes de Pall\u00e1s &#8220;stabilisierte und keine Flammen,&#8221; und dass die zweite im Bereich Andilla eine &#8220;positive Entwicklung&#8221; durch die \u00c4nderung der Bedingungen Wetter folgt.<\/p>\n<p>siebenundvierzig Air Ausstattung und 2.000 Land beteiligen sich an die Arbeit der beiden schlimmsten Feuer der letzten Jahre &#8211; nach Sch\u00e4tzungen gebrannten etwa 50.000 Hektar- und dass in beiden F\u00e4llen konnte begonnen hat, durch Unachtsamkeit nach vorl\u00e4ufigen Untersuchungen.<\/p>\n<p>Beh\u00f6rden haben zwei verhaftet Personen mit Bezug zu den Ursachen der Br\u00e4nde, die gezwungen waren, etwa 3.000 Nachbarn zu evakuieren und schneiden Sie mehrere Stra\u00dfen Bezirk.<\/p>\n<p>das erste Feuer begann Donnerstag Nachmittag in der Gemeinde Cortes de Pall\u00e1s und betraf 12 Gemeinden, w\u00e4hrend die Andilla mit anderen 10 Gemeinden betroffen, etwas mehr als 24 Stunden sp\u00e4ter brach und wurde erweitert um die Provinz von Castell\u00f3n.<\/p>\n<p>Br\u00e4nde aufgetreten mitten in einer Hitzewelle mit H\u00f6hen in der N\u00e4he von 40 Grad die Beh\u00f6rden auf, Freitag das maximale Risiko der Waldbr\u00e4nde in entlang des gemeinschaftlichen. gef\u00fchrt<\/p>\n<p>die Minister f\u00fcr Verteidigung und Landwirtschaft und Umwelt, Pedro Morenes und Miguel Arias Ca\u00f1ete, bzw. kam Montag in betroffene Gebiete zusammen mit Valencia, Pr\u00e4sident Alberto Fabra, Beurteilung der Situation.<\/p>\n<p>ein Dritte Brand brach Sonntag nahe Hell\u00edn, Albacete, auf ausgebreitet hat die Gemeinschaft Murcia, also die Brandbek\u00e4mpfung Stufe 2, bei der das Eingreifen der staatlichen Medien, wie die milit\u00e4rische Notfall-Einheit (UME) aktiviert ist.<\/p>\n<p>zwischen Januar und Mai 2012, eingetreten in Spanien 10 gro\u00dfe Br\u00e4nde &#8211; Wenn sie mehr als 500 Hektar. insgesamt verbrannt wurden verbrannt 49.738 Hektar, das schlechteste Abbildung, seit 2002 in 8,252 Conatuses und Br\u00e4nde, nach Angaben des Ministeriums f\u00fcr Umwelt.<\/p>\n<p>Umweltsch\u00fctzer-Gruppe, die Greenpeace klagte diese Woche, dass die aktuelle Hitzewelle und klimatischen Ver\u00e4nderungen in den letzten zehn Jahren erlitten haben dazu beigetragen, das Risiko von Feuer im Bereich der Levante.<\/p>\n<p>Greenpeace zitiert auch die l\u00e4ndlichen Verlassenheit und fehlendes Management der Massen, Wald einer der Gr\u00fcnde, die das Feuer, zu erh\u00f6hen, ohne die st\u00e4rkere Pr\u00e4senz des Menschen in der Natur und andere Ursachen wie z. B. Fahrl\u00e4ssigkeit, Unf\u00e4lle, Blitz oder Brandstifter Aktion verwerfen.<\/p>\n","protected":false},"excerpt":{"rendered":"<p>MADRID (Reuters) &#8211; zwei schweren Br\u00e4nden deklariert in der Provinz Valencia weiter aktiv Montag sagte obwohl sich positiv entwickelnden sein w\u00fcrde eine leitende Valencia. Serafin Castellano, Berater des Innern, sagte, dass das Feuer am Cortes de Pall\u00e1s &#8220;stabilisierte und keine Flammen,&#8221; und dass die zweite im Bereich Andilla eine &#8220;positive Entwicklung&#8221; durch die \u00c4nderung der [&hellip;]<\/p>\n","protected":false},"author":1,"featured_media":0,"comment_status":"close","ping_status":"open","sticky":false,"template":"","format":"standard","meta":{"footnotes":""},"categories":[3],"tags":[39326],"class_list":["post-28970","post","type-post","status-publish","format-standard","hentry","category-allgemeine","tag-fhle","et-doesnt-have-format-content","et_post_format-et-post-format-standard"],"_links":{"self":[{"href":"https:\/\/www.best-dentist-dentistry.com\/de\/wp-json\/wp\/v2\/posts\/28970","targetHints":{"allow":["GET"]}}],"collection":[{"href":"https:\/\/www.best-dentist-dentistry.com\/de\/wp-json\/wp\/v2\/posts"}],"about":[{"href":"https:\/\/www.best-dentist-dentistry.com\/de\/wp-json\/wp\/v2\/types\/post"}],"author":[{"embeddable":true,"href":"https:\/\/www.best-dentist-dentistry.com\/de\/wp-json\/wp\/v2\/users\/1"}],"replies":[{"embeddable":true,"href":"https:\/\/www.best-dentist-dentistry.com\/de\/wp-json\/wp\/v2\/comments?post=28970"}],"version-history":[{"count":0,"href":"https:\/\/www.best-dentist-dentistry.com\/de\/wp-json\/wp\/v2\/posts\/28970\/revisions"}],"wp:attachment":[{"href":"https:\/\/www.best-dentist-dentistry.com\/de\/wp-json\/wp\/v2\/media?parent=28970"}],"wp:term":[{"taxonomy":"category","embeddable":true,"href":"https:\/\/www.best-dentist-dentistry.com\/de\/wp-json\/wp\/v2\/categories?post=28970"},{"taxonomy":"post_tag","embeddable":true,"href":"https:\/\/www.best-dentist-dentistry.com\/de\/wp-json\/wp\/v2\/tags?post=28970"}],"curies":[{"name":"wp","href":"https:\/\/api.w.org\/{rel}","templated":true}]}}