{"id":29007,"date":"2012-12-09T03:25:41","date_gmt":"2012-12-09T03:25:41","guid":{"rendered":null},"modified":"-0001-11-30T00:00:00","modified_gmt":"-0001-11-30T00:00:00","slug":"Verschiedene-Veranstaltungen-zum-Gedenken-an-internationalen-Tag-gegen-Gewalt-gegen-Frauen","status":"publish","type":"post","link":"https:\/\/www.best-dentist-dentistry.com\/de\/Verschiedene-Veranstaltungen-zum-Gedenken-an-internationalen-Tag-gegen-Gewalt-gegen-Frauen\/29007","title":{"rendered":"Verschiedene Veranstaltungen zum Gedenken an internationalen Tag gegen Gewalt gegen Frauen"},"content":{"rendered":"<p class=\"first\"> Madrid, 25 nov (EFE).-anl\u00e4sslich der internationalen Tag gegen Gewalt gegen Frauen und in einem Jahr bei der 43 Frauen in den H\u00e4nden ihrer Partnerin, soziale Organisationen und Parteien sind bereits gestorben und Ministerium f\u00fcr Gesundheit, Soziales und Gleichstellung feierte Handlungen, die den Kampf gegen diese Gei\u00dfel soziale.<\/p>\n<p>des Ministers f\u00fcr Gesundheit, soziale Dienste und Geschlechter, Ana Mato, sitzt am Mittag Hommage an die Opfer der macho Aggression, die dieses Jahr im Hof au\u00dferhalb des Museo Nacional Centro de Arte Reina Sofia. stattfindet<\/p>\n<p>El PSOE feiert dieses Gedenken mit einem Festakt am Stammsitz, markieren Sie die Arbeit von Schulen und verschiedenen Institutionen im Kampf gegen Missbrauch und Unterst\u00fctzung f\u00fcr die Opfer.<\/p>\n<p>Nachmittag, die Kommission zur Untersuchung der Malos Tratos ein Mujeres Invita a Participar de Una Concentraci\u00f3n de la Puerta del Sol de Madrid, Abs. Recordar la Necesidad de Denunciar las Agresiones, Como Paso Necesario Para Poner a Salvo la Vida de las Maltratadas.<\/p>\n<p>De 43 las V\u00edctimas de Este A\u00f1o, Treinta y Dos Conviv\u00edan Con el Agresor, Mientras Que einmal Hab\u00edan Cesado la Convivencia; S\u00f3lo Siete de Ellas Hab\u00edan Denunciado el Maltrato y de Cuatro Casos Exist\u00eda Orden de Alejamiento de Kraft.<\/p>\n<p>La Mayor\u00eda de las Mujeres Eran Espa\u00f1olas-33-y Por Tramos de Edad, Doce Ten\u00edan Entre 21 y 30 A\u00f1os, Nueve Entre 51 y 64 A\u00f1os, Ocho Eran Mayores de 64 A\u00f1os, Seis Ten\u00edan Entre 31 y 40, Otras Seis Entre 41 y 50, Una \u00c4ra Menor de 16 A\u00f1os y Otra Ten\u00eda Entre 18 y 20.<\/p>\n<p>: Mato abord\u00e9 el Pasado Jueves la Primera Campa\u00f1a de Su Departamento Contra Los Malos Tratos las Mujeres Desde Que Asumi\u00f3 Hace un A\u00f1o Su Ladung, con el Lema &#8220;Hay Salida&#8221;.<\/p>\n<p>En die Initiative, die darauf abzielt, die aus Missbrauch, um ein neues Leben beginnen zu f\u00f6rdern, haben eine uneigenn\u00fctzige Weise Zeichen aus der Welt der Kultur, Sport, Werbung und das Unternehmen, wie die Akteure Imanol Arien, Mario Casas und Juanjo Artero, unter anderem beteiligt.<\/p>\n<p>Mato hat angek\u00fcndigt, dass es besonderes Augenmerk auf die sozial schwachen zeigen, die denen Priorit\u00e4t Pl\u00e4ne k\u00f6nnen, benutzerdefinierte gegen Gewalt.<\/p>\n<p>unter ihnen sind die Kinder, die Opfer von Gewalt, Geschlecht und Handel zum Zwecke der sexuellen Ausbeutung; im Alter von 65, erhalten sie besondere Aufmerksamkeit der Fachleute f\u00fcr Fr\u00fcherkennung, Frauen mit Behinderungen, und Frauen in l\u00e4ndlichen Regionen, die Zugang zu Informationsmaterial in den Gesundheitszentren in ihren Gemeinden haben werden.<\/p>\n","protected":false},"excerpt":{"rendered":"<p>Madrid, 25 nov (EFE).-anl\u00e4sslich der internationalen Tag gegen Gewalt gegen Frauen und in einem Jahr bei der 43 Frauen in den H\u00e4nden ihrer Partnerin, soziale Organisationen und Parteien sind bereits gestorben und Ministerium f\u00fcr Gesundheit, Soziales und Gleichstellung feierte Handlungen, die den Kampf gegen diese Gei\u00dfel soziale. des Ministers f\u00fcr Gesundheit, soziale Dienste und Geschlechter, [&hellip;]<\/p>\n","protected":false},"author":1,"featured_media":0,"comment_status":"close","ping_status":"open","sticky":false,"template":"","format":"standard","meta":{"footnotes":""},"categories":[3],"tags":[],"class_list":["post-29007","post","type-post","status-publish","format-standard","hentry","category-allgemeine","et-doesnt-have-format-content","et_post_format-et-post-format-standard"],"_links":{"self":[{"href":"https:\/\/www.best-dentist-dentistry.com\/de\/wp-json\/wp\/v2\/posts\/29007","targetHints":{"allow":["GET"]}}],"collection":[{"href":"https:\/\/www.best-dentist-dentistry.com\/de\/wp-json\/wp\/v2\/posts"}],"about":[{"href":"https:\/\/www.best-dentist-dentistry.com\/de\/wp-json\/wp\/v2\/types\/post"}],"author":[{"embeddable":true,"href":"https:\/\/www.best-dentist-dentistry.com\/de\/wp-json\/wp\/v2\/users\/1"}],"replies":[{"embeddable":true,"href":"https:\/\/www.best-dentist-dentistry.com\/de\/wp-json\/wp\/v2\/comments?post=29007"}],"version-history":[{"count":0,"href":"https:\/\/www.best-dentist-dentistry.com\/de\/wp-json\/wp\/v2\/posts\/29007\/revisions"}],"wp:attachment":[{"href":"https:\/\/www.best-dentist-dentistry.com\/de\/wp-json\/wp\/v2\/media?parent=29007"}],"wp:term":[{"taxonomy":"category","embeddable":true,"href":"https:\/\/www.best-dentist-dentistry.com\/de\/wp-json\/wp\/v2\/categories?post=29007"},{"taxonomy":"post_tag","embeddable":true,"href":"https:\/\/www.best-dentist-dentistry.com\/de\/wp-json\/wp\/v2\/tags?post=29007"}],"curies":[{"name":"wp","href":"https:\/\/api.w.org\/{rel}","templated":true}]}}