{"id":292,"date":"2012-01-04T23:08:29","date_gmt":"2012-01-04T23:08:29","guid":{"rendered":null},"modified":"2012-01-04T23:08:29","modified_gmt":"2012-01-04T23:08:29","slug":"government-and-agents-involved-combine-efforts-in-the-design-of-the-strategy-of-rare-diseases-in-the-canary-islands","status":"publish","type":"post","link":"https:\/\/www.best-dentist-dentistry.com\/de\/government-and-agents-involved-combine-efforts-in-the-design-of-the-strategy-of-rare-diseases-in-the-canary-islands\/292","title":{"rendered":"Regierung und Handelsvermittlung kombinieren Bem\u00fchungen bei der Gestaltung der Strategie der seltenen Krankheiten auf den Kanarischen Inseln."},"content":{"rendered":"<p><font size=\"2\"> <strong><font size=\"3\"> Regierung und Handelsvermittlung kombinieren Bem\u00fchungen bei der Gestaltung der Strategie Canary seltener<\/font> <\/p>\n<p>Es wird gesch\u00e4tzt, dass etwa 140.000 Kanarischen Inseln als seltene Krankheiten leiden.<\/strong><\/p>\n<p>-wissenschaftliche Kaffee  Dialog \u00fcber seltene Krankheiten auf den Kanarischen Inseln &#8221;, organisiert von der Stiftung der F\u00f6deration seltener Krankheiten (EFRE) und den Vorsitz des Koordinators der Strategie der seltenen Krankheiten auf den Kanarischen Inseln, Mila Santana, zusammengebracht, Patienten, \u00c4rzte und Angeh\u00f6rige dieser Krankheiten Minderheit. <\/p>\n<p>-Direktor der EFRE-StiftungMercedes Pastor, stellte fest, dass das Treffen  brand einer fr\u00fcheren und sp\u00e4teren bei der Umsetzung der Strategie f\u00fcr Minderheiten Beschwerden in Kanarische &#8221;. <\/p>\n<p>-Strategie der Gemeinschaft ist enthalten in der nationalen Strategie f\u00fcr Krankheiten, seltsam, dass die Regierung das Jahr Vergangenheit. <\/p>\n<p><strong>Santa Cruz De Tenerife, November 2009-<\/strong> Das Instrument ist vorhanden, aber fehlen ihnen systematisieren. Es ist die Schlussfolgerung, die Teilnehmer kamen, der  Dialog \u00fcber seltene Krankheiten auf den Kanarischen Inseln &#8221; die trafen sich in der Hotel School Santa Cruz, Santa Cruz De Tenerife, der Koordinator der Strategie der seltenen Krankheiten, Ministerium f\u00fcr Gesundheit, Mila Santana, die Vertreter der spanischen F\u00f6deration seltener Krankheiten (EFRE)Mercedes Pastor und Pilar Gomariz, sowie etwa 50 Patienten, \u00c4rzte und Angeh\u00f6rige von diese wenig h\u00e4ufigen Krankheiten. <\/p>\n<p>Die Sitzung zur Verbau die Grundlage f\u00fcr die praktische Entwicklung der Strategie der Kanarischen seltener Krankheiten im Rahmen der nationalen Strategie, die letztes Jahr geh\u00f6rt vor allem die Zeugnisse der betroffenen, die fiel hinweist  Einsamkeit &#8221; in der sie leben. Deshalb gebeten, dass die Anstrengungen intensiviert werden, zu mehr Koordinierung zwischen den beteiligten Dienststellen der Verwaltung, die Schaffung eines Dienstes f\u00fcr effiziente Information und eine Registrierung der seltenen Krankheiten, und betont die Notwendigkeit einer multidisziplin\u00e4ren Teams bei der Bek\u00e4mpfung dieser Krankheiten. <\/p>\n<p>Der Kinderarzt Mila Santana nimmt Beschwerden von Patienten und versprach, Ma\u00dfnahmen ergreifen und planen eine Kanarische Strategie, die in \u00dcbereinstimmung mit den Leitlinien der Europ\u00e4ischen Union, den Ansatz der diese Krankheiten mit dem Rest der Pathologien gleichzusetzen arbeitet. <\/p>\n<p>F\u00fcr seinen Teil, Mercedes Pastor, Direktor der EFRE-Stiftung,, die sagte  dieses Treffen ist ein davor und ein sp\u00e4ter bei der Umsetzung der Strategie &#8221; und betonte die Bedeutung der  Koordinierung der verschiedenen Akteure wie die Regierung, Forscher, Angeh\u00f6rigen der Gesundheitsberufe, Patienten und Pharmaindustrie Verb\u00e4nde &#8221;. Auch  die Notwendigkeit, h\u00f6ren Sie die betroffenen wie die Aspekte der Planung, die derzeit wenig entwickelt und systematisiert werden durch ihre Zeugnisse verbessert werden k\u00f6nnen.  <\/p>\n<p><\/font><\/p>\n","protected":false},"excerpt":{"rendered":"<p>Regierung und Handelsvermittlung kombinieren Bem\u00fchungen bei der Gestaltung der Strategie Canary seltener Es wird gesch\u00e4tzt, dass etwa 140.000 Kanarischen Inseln als seltene Krankheiten leiden. -wissenschaftliche Kaffee Dialog \u00fcber seltene Krankheiten auf den Kanarischen Inseln &#8221;, organisiert von der Stiftung der F\u00f6deration seltener Krankheiten (EFRE) und den Vorsitz des Koordinators der Strategie der seltenen Krankheiten auf [&hellip;]<\/p>\n","protected":false},"author":1,"featured_media":0,"comment_status":"close","ping_status":"open","sticky":false,"template":"","format":"standard","meta":{"footnotes":""},"categories":[3],"tags":[2135,2137,2136,2132,2130,2138,2134,2133,2131,2140,2129,2139],"class_list":{"0":"post-292","1":"post","2":"type-post","3":"status-publish","4":"format-standard","5":"hentry","6":"category-allgemeine","7":"tag-bres","8":"tag-etwa","9":"tag-geschtzt","10":"tag-gestaltung","11":"tag-handelsvermittlung","12":"tag-inseln","14":"tag-kanarischen","15":"tag-kombinieren","16":"tag-leiden","17":"tag-pfizer","18":"tag-seltene","19":"et-doesnt-have-format-content","20":"et_post_format-et-post-format-standard"},"_links":{"self":[{"href":"https:\/\/www.best-dentist-dentistry.com\/de\/wp-json\/wp\/v2\/posts\/292","targetHints":{"allow":["GET"]}}],"collection":[{"href":"https:\/\/www.best-dentist-dentistry.com\/de\/wp-json\/wp\/v2\/posts"}],"about":[{"href":"https:\/\/www.best-dentist-dentistry.com\/de\/wp-json\/wp\/v2\/types\/post"}],"author":[{"embeddable":true,"href":"https:\/\/www.best-dentist-dentistry.com\/de\/wp-json\/wp\/v2\/users\/1"}],"replies":[{"embeddable":true,"href":"https:\/\/www.best-dentist-dentistry.com\/de\/wp-json\/wp\/v2\/comments?post=292"}],"version-history":[{"count":0,"href":"https:\/\/www.best-dentist-dentistry.com\/de\/wp-json\/wp\/v2\/posts\/292\/revisions"}],"wp:attachment":[{"href":"https:\/\/www.best-dentist-dentistry.com\/de\/wp-json\/wp\/v2\/media?parent=292"}],"wp:term":[{"taxonomy":"category","embeddable":true,"href":"https:\/\/www.best-dentist-dentistry.com\/de\/wp-json\/wp\/v2\/categories?post=292"},{"taxonomy":"post_tag","embeddable":true,"href":"https:\/\/www.best-dentist-dentistry.com\/de\/wp-json\/wp\/v2\/tags?post=292"}],"curies":[{"name":"wp","href":"https:\/\/api.w.org\/{rel}","templated":true}]}}