{"id":29286,"date":"2012-12-11T02:46:47","date_gmt":"2012-12-11T02:46:47","guid":{"rendered":null},"modified":"-0001-11-30T00:00:00","modified_gmt":"-0001-11-30T00:00:00","slug":"the-catalan-president-ensures-that-the-euro-by-prescription-has-come-to-stay","status":"publish","type":"post","link":"https:\/\/www.best-dentist-dentistry.com\/de\/the-catalan-president-ensures-that-the-euro-by-prescription-has-come-to-stay\/29286","title":{"rendered":"Der katalanische Pr\u00e4sident sorgt daf\u00fcr, dass der Euro auf Rezept &#8220;gekommen ist, bleiben&#8221;"},"content":{"rendered":"<p class=\"first\"> BARCELONA, 22 (EUROPA PRESS)<\/p>\n<p>El Presidente De La Generalitat, Artur Mas, ha Asegurado Este Viernes Que el Euro Por Receta Que Entra de Kraft a Partir de Este S\u00e1bado &#8220;ha Venido Para Quedarse&#8221;, y ha Asegurado Que la Medida keine Responde a un Capricho del Govern, Sino a Una Necesidad.<\/p>\n<p>&#8220;No Se Hace Por Capricho, Sino Porque lo Necesita Nuestro Sistema Sanitario, Que es Muy Bueno y Se Debe Preservar&#8221;, ha Afirmado de Declaraciones ein Los Periodistas Desde de Nueva York el Marco de Su Viaje Oficial Estados Unidos.<\/p>\n<p>Mas ha beiden Que Una Gran Parte de Los Ciudadanos &#8220;Puede Hacer Perfectamente un Peque\u00f1o Esfuerzo&#8221; y ha Apelado al Sentido de Pa\u00eds de Los Catalanes y a Su Sentido de Colectividad Para Preservar las Cosas Buenas de Catalunya.<\/p>\n<p>El Presidente ha Reclamado Que Todo el Mundo Aplique &#8220;un poco de Sentido Com\u00fan y Generosidad&#8221;, y ha Defendido Que En la Mayor\u00eda de Pa\u00edses Europeos Existen Medidas Similares de Copago.<\/p>\n<p>Mas Es behauptet auch diese Ma\u00dfnahme, die Menschenhandel &#8220;Personen mit weniger Ressourcen nicht sehen werden an den Rand gedr\u00e4ngt&#8221;, und wurde als Beispiel die Existenz des kollektiven befreit &#8211; kollektive und chronischen Patienten mit weniger wirtschaftlichen M\u00f6glichkeiten &#8211; und stoppen 61 Euro pro Jahr.     <\/p>\n","protected":false},"excerpt":{"rendered":"<p>BARCELONA, 22 (EUROPA PRESS) El Presidente De La Generalitat, Artur Mas, ha Asegurado Este Viernes Que el Euro Por Receta Que Entra de Kraft a Partir de Este S\u00e1bado &#8220;ha Venido Para Quedarse&#8221;, y ha Asegurado Que la Medida keine Responde a un Capricho del Govern, Sino a Una Necesidad. &#8220;No Se Hace Por Capricho, [&hellip;]<\/p>\n","protected":false},"author":1,"featured_media":0,"comment_status":"close","ping_status":"open","sticky":false,"template":"","format":"standard","meta":{"footnotes":""},"categories":[3],"tags":[],"class_list":["post-29286","post","type-post","status-publish","format-standard","hentry","category-allgemeine","et-doesnt-have-format-content","et_post_format-et-post-format-standard"],"_links":{"self":[{"href":"https:\/\/www.best-dentist-dentistry.com\/de\/wp-json\/wp\/v2\/posts\/29286","targetHints":{"allow":["GET"]}}],"collection":[{"href":"https:\/\/www.best-dentist-dentistry.com\/de\/wp-json\/wp\/v2\/posts"}],"about":[{"href":"https:\/\/www.best-dentist-dentistry.com\/de\/wp-json\/wp\/v2\/types\/post"}],"author":[{"embeddable":true,"href":"https:\/\/www.best-dentist-dentistry.com\/de\/wp-json\/wp\/v2\/users\/1"}],"replies":[{"embeddable":true,"href":"https:\/\/www.best-dentist-dentistry.com\/de\/wp-json\/wp\/v2\/comments?post=29286"}],"version-history":[{"count":0,"href":"https:\/\/www.best-dentist-dentistry.com\/de\/wp-json\/wp\/v2\/posts\/29286\/revisions"}],"wp:attachment":[{"href":"https:\/\/www.best-dentist-dentistry.com\/de\/wp-json\/wp\/v2\/media?parent=29286"}],"wp:term":[{"taxonomy":"category","embeddable":true,"href":"https:\/\/www.best-dentist-dentistry.com\/de\/wp-json\/wp\/v2\/categories?post=29286"},{"taxonomy":"post_tag","embeddable":true,"href":"https:\/\/www.best-dentist-dentistry.com\/de\/wp-json\/wp\/v2\/tags?post=29286"}],"curies":[{"name":"wp","href":"https:\/\/api.w.org\/{rel}","templated":true}]}}