{"id":29288,"date":"2012-12-11T02:46:57","date_gmt":"2012-12-11T02:46:57","guid":{"rendered":null},"modified":"-0001-11-30T00:00:00","modified_gmt":"-0001-11-30T00:00:00","slug":"passos-coelho-wishes-a-speedy-recovery-to-the-colombian-vice-president","status":"publish","type":"post","link":"https:\/\/www.best-dentist-dentistry.com\/de\/passos-coelho-wishes-a-speedy-recovery-to-the-colombian-vice-president\/29288","title":{"rendered":"Passos Coelho w\u00fcnscht gute Besserung des kolumbianischen Vizepr\u00e4sidenten"},"content":{"rendered":"<p class=\"first\"> Bogota, 22 jun (EFE).-der Premierminister von Portugal, Pedro Passos Coelho, der offiziellen Besuch in Kolumbien ist, wollte heute schnelle Wiederherstellung zu kolumbianische Vizepr\u00e4sident Angelino Garzon, krank, eine zerebrale Isch\u00e4mie (Reduktion der Hirndurchblutung).<\/p>\n<p>&#8220;In dieser sehr schwierige und heikle seine Lebens-Stufe ich w\u00fcnsche Ihnen eine baldige Genesung&#8221;, sagte Passos auf einer Pressekonferenz, die in Zusammenarbeit mit Kolumbien, Pr\u00e4sident Juan Manuel Santos, in der Casa de Nari\u00f1o, angeboten Sitz der Exekutive.<\/p>\n<p>Passsos Coelho, das sich am Samstag in Kolumbien, von wo es nach Lissabon, Reisen wird sein wird ihren Wunsch &#8220;f\u00fcr eine baldige Genesung&#8221; erweitern, zur Familie der Garzon, im Krankenhaus seit dieser Woche auf Cl\u00ednica Reina Sofia aus Bogota.<\/p>\n<p>Institution sagte heute, dass der Gesundheitszustand des kolumbianischen Vizepr\u00e4sidenten &#8220;kein Neuheit&#8221;.<\/p>\n<p>Garz\u00f3n, im Alter von 65 Jahren, ist gepflegt, seit Donnerstag, im ruhenden Zustand Gehirn, nach Entscheidung des behandelnden Sanit\u00e4tskorps.<\/p>\n<p>Vizepr\u00e4sident trat am 14. Juni eine Prostata-Infektion leiden, aber Strich wurde nach ein paar Tagen in der Klinik vorgestellt. EFE<\/p>\n","protected":false},"excerpt":{"rendered":"<p>Bogota, 22 jun (EFE).-der Premierminister von Portugal, Pedro Passos Coelho, der offiziellen Besuch in Kolumbien ist, wollte heute schnelle Wiederherstellung zu kolumbianische Vizepr\u00e4sident Angelino Garzon, krank, eine zerebrale Isch\u00e4mie (Reduktion der Hirndurchblutung). &#8220;In dieser sehr schwierige und heikle seine Lebens-Stufe ich w\u00fcnsche Ihnen eine baldige Genesung&#8221;, sagte Passos auf einer Pressekonferenz, die in Zusammenarbeit mit [&hellip;]<\/p>\n","protected":false},"author":1,"featured_media":0,"comment_status":"close","ping_status":"open","sticky":false,"template":"","format":"standard","meta":{"footnotes":""},"categories":[3],"tags":[39659],"class_list":["post-29288","post","type-post","status-publish","format-standard","hentry","category-allgemeine","tag-gezahlt","et-doesnt-have-format-content","et_post_format-et-post-format-standard"],"_links":{"self":[{"href":"https:\/\/www.best-dentist-dentistry.com\/de\/wp-json\/wp\/v2\/posts\/29288","targetHints":{"allow":["GET"]}}],"collection":[{"href":"https:\/\/www.best-dentist-dentistry.com\/de\/wp-json\/wp\/v2\/posts"}],"about":[{"href":"https:\/\/www.best-dentist-dentistry.com\/de\/wp-json\/wp\/v2\/types\/post"}],"author":[{"embeddable":true,"href":"https:\/\/www.best-dentist-dentistry.com\/de\/wp-json\/wp\/v2\/users\/1"}],"replies":[{"embeddable":true,"href":"https:\/\/www.best-dentist-dentistry.com\/de\/wp-json\/wp\/v2\/comments?post=29288"}],"version-history":[{"count":0,"href":"https:\/\/www.best-dentist-dentistry.com\/de\/wp-json\/wp\/v2\/posts\/29288\/revisions"}],"wp:attachment":[{"href":"https:\/\/www.best-dentist-dentistry.com\/de\/wp-json\/wp\/v2\/media?parent=29288"}],"wp:term":[{"taxonomy":"category","embeddable":true,"href":"https:\/\/www.best-dentist-dentistry.com\/de\/wp-json\/wp\/v2\/categories?post=29288"},{"taxonomy":"post_tag","embeddable":true,"href":"https:\/\/www.best-dentist-dentistry.com\/de\/wp-json\/wp\/v2\/tags?post=29288"}],"curies":[{"name":"wp","href":"https:\/\/api.w.org\/{rel}","templated":true}]}}