{"id":2929,"date":"2011-12-15T18:01:38","date_gmt":"2011-12-15T18:01:38","guid":{"rendered":null},"modified":"-0001-11-30T00:00:00","modified_gmt":"-0001-11-30T00:00:00","slug":"december-18-is-celebrated-the-national-day-of-multiple-sclerosis","status":"publish","type":"post","link":"https:\/\/www.best-dentist-dentistry.com\/de\/december-18-is-celebrated-the-national-day-of-multiple-sclerosis\/2929","title":{"rendered":"18. Dezember ist der Nationalfeiertag der multiplen Sklerose gefeiert."},"content":{"rendered":"<p><strong>Am 18. Dezember feiert den Tag nationalen tuberosa Multiple. <br \/><\/strong> <\/p>\n<p><font size=\"2\">-in Spanien, etwa 46.000 Menschen mit dieser Krankheit chronische Neurodegenerative <\/p>\n<p>-Ist die h\u00e4ufigste Ursache f\u00fcr nicht-traumatische Invalidit\u00e4t bei jungen Menschen in Spanien <\/p>\n<p>-ihre Lebensqualit\u00e4t verbessern die Straffung der diagnostischen und therapeutischen Verfahren sowie die Umsetzung der Sondereinheiten innerhalb jedes Krankenhaus <\/p>\n<p> <strong>Madrid, Dezember 2011 &#8211;<\/strong> La Asociaci\u00f3n Espa\u00f1ola de Esclerosis M\u00faltiple (AEDEM-COCEMFE) feiert den nationalen Tag der Sklerose Multiple am Sonntag 18, Hervorhebung der Situation der betroffenen durch diese chronische Neurodegenerative Krankheit. <\/p>\n<p>Die Dienstleistungen der Rehabilitation, psychologische Betreuung, Familienf\u00f6rderung und andere Therapien, unverz\u00fcglich durch das nationale Gesundheitssystem, abgedeckt sind wesentlich f\u00fcr die pers\u00f6nliche und soziale Entwicklung Prozess der von dieser Krankheit betroffenen. Die Diagnose in der Regel auftreten, wenn Sie sind junger Erwachsener und das Individuum ist in voller Entwicklung ihrer Arbeit und Privatleben. Warum sind wesentliche Support-Richtlinien f\u00fcr die Sozial- und Integration von Menschen mit multipler Sklerose. <\/p>\n<p>Gerardo Garc\u00eda Perales, Pr\u00e4sident der spanischen Vereinigung der multiplen Sklerose, zeigt Besorgnis \u00fcber die Lage der Krise, die wir durchleben  einige K\u00fcrzungen im Gesundheits- und soziale Dienstleistungen k\u00f6nnen die Projekte, die die betroffenen von Multipler Sklerose von Verb\u00e4nden durchgef\u00fchrt werden, gef\u00e4hrden, die beziehen sich direkt auf ihre Lebensqualit\u00e4t und ihre Entwicklung im Bereich Arbeit und Familie &#8221;. <\/p>\n<p>Multiple Sklerose ist eine demyelinisierende Krankheiten, Neurodegenerative und Chronik des zentralen Nervensystems. Das Immunsystem zerst\u00f6rt die Myelin, die Schutzschicht, die die Fasern des zentralen Nervensystems, Schaden anzurichten, die umgibt mit der \u00dcbermittlung der Nachricht zwischen dem Gehirn und verschiedenen Teilen des K\u00f6rpers beeintr\u00e4chtigt. <\/p>\n<p>Der spanischen Vereinigung der multiplen Sklerose ist eine Non-Profit, die vereint, dass die Krankheit betroffenen durch Multiple Sklerose, ihre Familien und Personen sensibilisiert f\u00fcr die Probleme dieser komplexen Pathologie Desgleichen, in Zusammenarbeit mit Angeh\u00f6rigen der Gesundheitsberufe aus verschiedenen Disziplinen verwandt. Anwendungsbereich ist Zustand und ihre abh\u00e4ngigen Zuordnungen der Mehrheit der autonomen Gemeinschaften. <\/p>\n<p>AEDEM-COCEMFE hat eine Ehre Ausschuss, bestehend aus spanischen Pers\u00f6nlichkeiten und deren Vorsitz innehat Infanta Do\u00f1a Elena de Borb\u00f3n. Es ist Mitglied des Gesetzes der Internationalen F\u00f6deration der Verb\u00e4nde der multiplen Sklerose (MSIF) und Mitgliedstaaten zur gleichen Zeit die Europ\u00e4ische Plattform der multiplen Sklerose (PMSCS). <\/p>\n<p><\/font><\/p>\n","protected":false},"excerpt":{"rendered":"<p>Am 18. Dezember feiert den Tag nationalen tuberosa Multiple. -in Spanien, etwa 46.000 Menschen mit dieser Krankheit chronische Neurodegenerative -Ist die h\u00e4ufigste Ursache f\u00fcr nicht-traumatische Invalidit\u00e4t bei jungen Menschen in Spanien -ihre Lebensqualit\u00e4t verbessern die Straffung der diagnostischen und therapeutischen Verfahren sowie die Umsetzung der Sondereinheiten innerhalb jedes Krankenhaus Madrid, Dezember 2011 &#8211; La Asociaci\u00f3n [&hellip;]<\/p>\n","protected":false},"author":1,"featured_media":0,"comment_status":"close","ping_status":"open","sticky":false,"template":"","format":"standard","meta":{"footnotes":""},"categories":[3],"tags":[10118,10116,10117],"class_list":["post-2929","post","type-post","status-publish","format-standard","hentry","category-allgemeine","tag-gefeiert","tag-kommt","tag-multiplen","et-doesnt-have-format-content","et_post_format-et-post-format-standard"],"_links":{"self":[{"href":"https:\/\/www.best-dentist-dentistry.com\/de\/wp-json\/wp\/v2\/posts\/2929","targetHints":{"allow":["GET"]}}],"collection":[{"href":"https:\/\/www.best-dentist-dentistry.com\/de\/wp-json\/wp\/v2\/posts"}],"about":[{"href":"https:\/\/www.best-dentist-dentistry.com\/de\/wp-json\/wp\/v2\/types\/post"}],"author":[{"embeddable":true,"href":"https:\/\/www.best-dentist-dentistry.com\/de\/wp-json\/wp\/v2\/users\/1"}],"replies":[{"embeddable":true,"href":"https:\/\/www.best-dentist-dentistry.com\/de\/wp-json\/wp\/v2\/comments?post=2929"}],"version-history":[{"count":0,"href":"https:\/\/www.best-dentist-dentistry.com\/de\/wp-json\/wp\/v2\/posts\/2929\/revisions"}],"wp:attachment":[{"href":"https:\/\/www.best-dentist-dentistry.com\/de\/wp-json\/wp\/v2\/media?parent=2929"}],"wp:term":[{"taxonomy":"category","embeddable":true,"href":"https:\/\/www.best-dentist-dentistry.com\/de\/wp-json\/wp\/v2\/categories?post=2929"},{"taxonomy":"post_tag","embeddable":true,"href":"https:\/\/www.best-dentist-dentistry.com\/de\/wp-json\/wp\/v2\/tags?post=2929"}],"curies":[{"name":"wp","href":"https:\/\/api.w.org\/{rel}","templated":true}]}}