{"id":2930,"date":"2011-12-15T18:01:46","date_gmt":"2011-12-15T18:01:46","guid":{"rendered":null},"modified":"-0001-11-30T00:00:00","modified_gmt":"-0001-11-30T00:00:00","slug":"cocemfe-claims-continuity-and-sustainability-of-the-sector-of-disability","status":"publish","type":"post","link":"https:\/\/www.best-dentist-dentistry.com\/de\/cocemfe-claims-continuity-and-sustainability-of-the-sector-of-disability\/2930","title":{"rendered":"COCEMFE behauptet, Kontinuit\u00e4t und Nachhaltigkeit des Sektors der Behinderung."},"content":{"rendered":"<p><strong>COCEMFE behauptet, dass Kontinuit\u00e4t und Nachhaltigkeit des Sektors der Behinderung. <\/p>\n<p><\/strong><font size=\"2\"> <strong>3 Dezember: Internationaler Tag der Menschen mit Behinderungen.<\/strong> <\/p>\n<p>-la Eidgenossenschaft best\u00e4tigt das Manifest ver\u00f6ffentlicht von der CERMI:  nicht an den Schnitten. Soziale Rechte und Kontinuit\u00e4t und Stabilit\u00e4t des Sektors der Behinderung &#8221; <\/p>\n<p>-COCEMFE ist der Auffassung, dass die Krise keine Entschuldigung oder Vorwand, die Politik der Behinderung zu stoppen <\/p>\n<p>-Bereich erfordert ein entschiedenes Engagement f\u00fcr die Ziele der Eingliederung von Menschen mit Behinderungen und ihre Familien, die neue Regierung <\/p>\n<p> <strong>Madrid, 2011-Dezember<\/strong> die Spanische Konf\u00f6deration von Menschen mit Behinderung und organischen (COCEMFE) unterst\u00fctzt das Manifest im Ausschuss spanische Vertreter von Menschen mit Behinderung und organischen (CERMI) hat anl\u00e4sslich des internationalen Tag und europ\u00e4ischen von Menschen mit Behinderungen ver\u00f6ffentlichtdas am 3. Dezember abgehalten wurde. <\/p>\n<p>Unter dem Motto  nicht an den Schnitten. Soziale Rechte und Kontinuit\u00e4t und Stabilit\u00e4t des Sektors der Behinderung &#8221;, der CERMI und ben\u00f6tigt, um die neue Regierung, die sich aus den allgemeinen Wahlen vom November 20 hat, Autonome Regierungen weitgehend renoviert in den ersten Monaten dieses Jahres verpflichtet  stark &#8221; im Sinne der Eingliederung von Menschen mit Behinderungen und ihre Familien durch die Entwicklung der RechtsvorschriftenPolitiken, Strategien und verst\u00e4rkte Entscheidungen weiterhin Behinderung in relevanten und permanente Stellungen auf der politischen Agenda. <\/p>\n<p>Gem\u00e4\u00df der CERMI in den letzten drei oder vier Jahren wurden signifikante Reduzierung der sozialen Spiele, die vorgenommen verschwinden oder die Nachhaltigkeit der Dienste und direkte Betreuung und Unterst\u00fctzung Ger\u00e4te f\u00fcr Personen mit Behinderungen und ihre Familien begangen haben. <\/p>\n<p>  K\u00f6nnen nicht in unsere sozialen Leistungen und Rechte in j\u00fcngster Zeit erzielten zur\u00fcckziehen. Die Krise k\u00f6nnte nicht sein, eine Entschuldigung oder Vorwand, die Politik der Behinderung zu stoppen &#8221;, betont der Pr\u00e4sident der COCEMFE, Mario Garc\u00eda. <\/p>\n<p>Dar\u00fcber hinaus, und vor allem gefordert, zielstrebig politischen und budget\u00e4ren Impulse endg\u00fcltig das Recht der Selbstbestimmung und der Abh\u00e4ngigkeit, Konsolidierung, es sei denn, sie sollten oder Behindertenpolitik Schw\u00e4chen. <\/p>\n<p>Laut der Pr\u00e4sident von COCEMFE  in unserem Land gibt es drei Millionen Menschen mit Behinderung k\u00f6rperliche und Bio, davon etwa eine Million angewiesen sind. Wenn der Administration Deal nur f\u00fcr abh\u00e4ngige Personen, zwei Millionen Menschen mit Behinderungen au\u00dferhalb der Care-System w\u00e4re &#8221;. <\/p>\n<p>Der Ausschuss stellt auch in seinem Manifest fest, dass aus der Sicht der Menschenrechte durch das internationale \u00dcbereinkommen \u00fcber die Rechte von Menschen mit Behinderungen 2006 Adressierung Behinderung ist.  Behinderung Kollektiv versteht, dass in den n\u00e4chsten Legislaturperiode, wird sich eine neue legislative Block Anpassung und Politik Anpassungen zu diesem \u00dcbereinkommen erlassen &#8221;, unterstreicht Garc\u00eda. <\/p>\n<p>Die CERMI, wie in diesem Dokument angegeben  zur Pr\u00e4vention und Bek\u00e4mpfung Aktion, Gegenwart und Zukunft, die Z\u00e4hler f\u00fcr die soziale Eingliederung und den Schutz der Gruppen f\u00fchren Sie schw\u00e4chsten B\u00fcrger, Warnungen, Bereitstellung und Aktivierung ihrer Strukturen und ihre F\u00e4higkeit, Einfluss und Druck f\u00fcr die Erreichung dieser wesentlichen Ziele handeln wird &#8221;. <\/p>\n<p>Der Spanische Konf\u00f6deration von Menschen mit k\u00f6rperlicher Behinderung und organischen (COCEMFE) ist eine nichtstaatliche gemeinn\u00fctzige, die 1980 gegr\u00fcndet wurde. Es zielt darauf ab zu vereinigen, St\u00e4rkung und Koordinierung und Aktivit\u00e4ten von Personen zugunsten von Personen mit Behinderungen k\u00f6rperliche und Bio auf ihre Rechte zu verteidigen und ihre Lebensqualit\u00e4t zu verbessern. Das Unternehmen vereint mehr als 1.360 Organisationen aufgeteilt autonome Konf\u00f6derationen, staatlichen Institutionen und provinziellen Verb\u00e4nde, die wiederum die verschiedenen lokalen Vereinigungen zusammenbringen. <\/p>\n<p><\/font><\/p>\n","protected":false},"excerpt":{"rendered":"<p>COCEMFE behauptet, dass Kontinuit\u00e4t und Nachhaltigkeit des Sektors der Behinderung. 3 Dezember: Internationaler Tag der Menschen mit Behinderungen. -la Eidgenossenschaft best\u00e4tigt das Manifest ver\u00f6ffentlicht von der CERMI: nicht an den Schnitten. Soziale Rechte und Kontinuit\u00e4t und Stabilit\u00e4t des Sektors der Behinderung &#8221; -COCEMFE ist der Auffassung, dass die Krise keine Entschuldigung oder Vorwand, die Politik [&hellip;]<\/p>\n","protected":false},"author":1,"featured_media":0,"comment_status":"close","ping_status":"open","sticky":false,"template":"","format":"standard","meta":{"footnotes":""},"categories":[3],"tags":[10118,10119],"class_list":["post-2930","post","type-post","status-publish","format-standard","hentry","category-allgemeine","tag-gefeiert","tag-kontinuitt","et-doesnt-have-format-content","et_post_format-et-post-format-standard"],"_links":{"self":[{"href":"https:\/\/www.best-dentist-dentistry.com\/de\/wp-json\/wp\/v2\/posts\/2930","targetHints":{"allow":["GET"]}}],"collection":[{"href":"https:\/\/www.best-dentist-dentistry.com\/de\/wp-json\/wp\/v2\/posts"}],"about":[{"href":"https:\/\/www.best-dentist-dentistry.com\/de\/wp-json\/wp\/v2\/types\/post"}],"author":[{"embeddable":true,"href":"https:\/\/www.best-dentist-dentistry.com\/de\/wp-json\/wp\/v2\/users\/1"}],"replies":[{"embeddable":true,"href":"https:\/\/www.best-dentist-dentistry.com\/de\/wp-json\/wp\/v2\/comments?post=2930"}],"version-history":[{"count":0,"href":"https:\/\/www.best-dentist-dentistry.com\/de\/wp-json\/wp\/v2\/posts\/2930\/revisions"}],"wp:attachment":[{"href":"https:\/\/www.best-dentist-dentistry.com\/de\/wp-json\/wp\/v2\/media?parent=2930"}],"wp:term":[{"taxonomy":"category","embeddable":true,"href":"https:\/\/www.best-dentist-dentistry.com\/de\/wp-json\/wp\/v2\/categories?post=2930"},{"taxonomy":"post_tag","embeddable":true,"href":"https:\/\/www.best-dentist-dentistry.com\/de\/wp-json\/wp\/v2\/tags?post=2930"}],"curies":[{"name":"wp","href":"https:\/\/api.w.org\/{rel}","templated":true}]}}