{"id":29303,"date":"2012-12-11T02:57:46","date_gmt":"2012-12-11T02:57:46","guid":{"rendered":null},"modified":"-0001-11-30T00:00:00","modified_gmt":"-0001-11-30T00:00:00","slug":"cemsatse-candle-requests-to-annul-the-cuts-approved-by-the-valencian-council-to-avoid-being-doubly-punished","status":"publish","type":"post","link":"https:\/\/www.best-dentist-dentistry.com\/de\/cemsatse-candle-requests-to-annul-the-cuts-approved-by-the-valencian-council-to-avoid-being-doubly-punished\/29303","title":{"rendered":"Cemsatse Kerze Anforderungen an die K\u00fcrzungen, die vom Rat zu vermeiden, &#8220;doppelt bestraft&#8221; Valencia f\u00fcr nichtig zu erkl\u00e4ren"},"content":{"rendered":"<p class=\"first\"> VALENCIA, 3 (EUROPA PRESS)<\/p>\n<p>El Sindicato M\u00e9dico y de Enfermer\u00eda (Cemsatse) ha Remitido Una Carta al Consejero de Hacienda y Administraci\u00f3n P\u00fablica, Jos\u00e9 Manuel Vela, En la Que le Pide Que Anule Los Recortes Aprobados Por la Generalitat Valenciana Para Evitar Que Los M\u00e9dicos y Enfermeros Valencianos Sean &#8220;Doblemente Castigados&#8221;, ya Que Tambi\u00e9n Sufren Los gebruik del Gobierno Central.<\/p>\n<p>de la Misiva, Cemsatse Se Muestra &#8220;Muy Preocupado&#8221; Por Los Recortes Que Est\u00e1n Sufriendo Los Profesionales Sanitarios de allgemeine y Los Colectivos de M\u00e9dicos y Enfermeros En insbesondere Como Consecuencia de Los Recortes Por Los Gobiernos Auton\u00f3micos y Nacionales.<\/p>\n<p>Al Respecto, Asegura Que la Aplicaci\u00f3n De La Generalitat Valenciana Decreto del 1\/2012 ha Supuesto Una Minoraci\u00f3n del 50 Por Ciento De La Carrera Profesional, lo Que Supone de Muchos Casos &#8220;Una perte M\u00e1s del 10 Por Ciento de las Retribuciones Brutas de Los Profesionales Sanitarios&#8221;.<\/p>\n<p>AdemACE, Union hat auf die Beseitigung der extra bezahlen Weihnachten infolge der Anwendung des K\u00f6niglichen Dekrets 20\/2012 der Zentralregierung, das bedeutet weitere 7 Prozent der gesamten Geh\u00e4lter vieler dieser Profis. genannten<\/p>\n<p>Cemsatse sagt, dass trotz der Tatsache, die in vielen Gemeinden Schnitte zwischen den Besch\u00e4ftigten im \u00f6ffentlichen Dienst implementiert haben, in der Region Valencia &#8220;umgesetzten Ma\u00dfnahmen viel rauer als im Rest der autonomen Gemeinschaften gewesen&#8221;.<\/p>\n<p>&#8220;Dies haben Sie in der Arbeitskr\u00e4fte im Gesundheitswesen hinzuf\u00fcgen gegangen den Gro\u00dfteil dieser K\u00fcrzungen nicht nur auf eine Verg\u00fctung, Ebene, sondern in unseren eigenen Jobs, in denen wir unter die Folgen der Krise leiden, und schneidet in Ressourcen, die t\u00e4glich verh\u00e4ngt werden&#8221;, betont er.<\/p>\n<p>Union erinnert daran, dass die Pr\u00e4sident der Gemeinschaft von Madrid, Esperanza Aguirre, &#8220;sehr gutes Urteil&#8221;, k\u00fcndigte an, dass Sie wegen der Gehaltsk\u00fcrzung von der Regierung von Mariano Rajoy, Weihnachten zus\u00e4tzliche verh\u00e4ngt &#8220;void Schnitte aus der Gemeinschaft von Madrid, was in seinem Fall eine 3,3 Prozent der Geh\u00e4lter der Besch\u00e4ftigten im \u00f6ffentlichen Dienst bedeutete&#8221;.<\/p>\n<p>deshalb Cemsatse hat gebeten, die, wie der Pr\u00e4sident der Gemeinschaft von Madrid, die gleichen Bekanntgabe tun was davon beschlossen wurde &#8220;umgesetzt werden sollte mehr Schnitte durch die Regierung der Nation ist nichtig autonome Ausschnitt&#8221;.<\/p>\n<p>&#8220;R\u00fcckgabe Karriere KCS diese Ungleichheit in Valencia mit dem Rest der Besch\u00e4ftigten im \u00f6ffentlichen Dienst, \u00c4rzte und Krankenschwestern, da Wenn ja werden sie doppelt bestraft werden&#8221;, es hat hervorgehoben.<\/p>\n","protected":false},"excerpt":{"rendered":"<p>VALENCIA, 3 (EUROPA PRESS) El Sindicato M\u00e9dico y de Enfermer\u00eda (Cemsatse) ha Remitido Una Carta al Consejero de Hacienda y Administraci\u00f3n P\u00fablica, Jos\u00e9 Manuel Vela, En la Que le Pide Que Anule Los Recortes Aprobados Por la Generalitat Valenciana Para Evitar Que Los M\u00e9dicos y Enfermeros Valencianos Sean &#8220;Doblemente Castigados&#8221;, ya Que Tambi\u00e9n Sufren Los [&hellip;]<\/p>\n","protected":false},"author":1,"featured_media":0,"comment_status":"close","ping_status":"open","sticky":false,"template":"","format":"standard","meta":{"footnotes":""},"categories":[3],"tags":[39672],"class_list":["post-29303","post","type-post","status-publish","format-standard","hentry","category-allgemeine","tag-kerze-anforderungen","et-doesnt-have-format-content","et_post_format-et-post-format-standard"],"_links":{"self":[{"href":"https:\/\/www.best-dentist-dentistry.com\/de\/wp-json\/wp\/v2\/posts\/29303","targetHints":{"allow":["GET"]}}],"collection":[{"href":"https:\/\/www.best-dentist-dentistry.com\/de\/wp-json\/wp\/v2\/posts"}],"about":[{"href":"https:\/\/www.best-dentist-dentistry.com\/de\/wp-json\/wp\/v2\/types\/post"}],"author":[{"embeddable":true,"href":"https:\/\/www.best-dentist-dentistry.com\/de\/wp-json\/wp\/v2\/users\/1"}],"replies":[{"embeddable":true,"href":"https:\/\/www.best-dentist-dentistry.com\/de\/wp-json\/wp\/v2\/comments?post=29303"}],"version-history":[{"count":0,"href":"https:\/\/www.best-dentist-dentistry.com\/de\/wp-json\/wp\/v2\/posts\/29303\/revisions"}],"wp:attachment":[{"href":"https:\/\/www.best-dentist-dentistry.com\/de\/wp-json\/wp\/v2\/media?parent=29303"}],"wp:term":[{"taxonomy":"category","embeddable":true,"href":"https:\/\/www.best-dentist-dentistry.com\/de\/wp-json\/wp\/v2\/categories?post=29303"},{"taxonomy":"post_tag","embeddable":true,"href":"https:\/\/www.best-dentist-dentistry.com\/de\/wp-json\/wp\/v2\/tags?post=29303"}],"curies":[{"name":"wp","href":"https:\/\/api.w.org\/{rel}","templated":true}]}}