{"id":29332,"date":"2012-12-11T03:06:26","date_gmt":"2012-12-11T03:06:26","guid":{"rendered":null},"modified":"-0001-11-30T00:00:00","modified_gmt":"-0001-11-30T00:00:00","slug":"Gesundheit-sagt-dass-es-keinen-Unterschied-die-Aufmerksamkeit-von-Gemeinschaften-aber-der-Abrechnung-wird","status":"publish","type":"post","link":"https:\/\/www.best-dentist-dentistry.com\/de\/Gesundheit-sagt-dass-es-keinen-Unterschied-die-Aufmerksamkeit-von-Gemeinschaften-aber-der-Abrechnung-wird\/29332","title":{"rendered":"Gesundheit sagt, dass es keinen Unterschied, die Aufmerksamkeit von Gemeinschaften, aber der Abrechnung wird"},"content":{"rendered":"<p class=\"first\"> Madrid, 1 sep (EFE).-the director-general of the basic services of the SNS and pharmacy, Agust\u00edn Rivero, portfolio has assured that there will be no differences by autonomous regions in the treatment to patients who do not have health insurance card and only &#8220;differences&#8221; from today will exist in how billed those benefits.<\/p>\n<p>thus, responsible for health, in an appearance before the media, has stated that there will be &#8220;a seventeen-headed monster&#8221; as it said yesterday the PSOE, but that &#8220;a basic head&#8221;, there will be that of the Ministry of health, and other &#8220;management skills&#8221; part of the autonomies.<\/p>\n<p>all territories &#8211; has insisted &#8211; they shall comply with the Royal Decree of the health reform and, later, each, shall exercise the ability that has to &#8220;manage&#8221; their resources.<\/p>\n<p>Rivero, Que ha Intervenido de la Asamblea Extraordinaria De La Organizaci\u00f3n M\u00e9dica Colegial (OMC), ha Subrayado Que ningun Inferno Se Quedar\u00e1 sin Atenci\u00f3n M\u00e9dica y Ser\u00e1n Los Servicios de Salud Los Que Ver\u00e1n la F\u00f3rmula &#8220;M\u00e1s Adecuada&#8221; Para Que la Factura Que Genere ese Servicio Se Pueda Cobrar.<\/p>\n<p>De Igual Manera, ha Dejado Claro Que hay Que Cortar Con el &#8220;oder&#8221; Que ha Habido de Muchos Casos de Relaci\u00f3n Con el Turismo Sanitario Para Que Los Espa\u00f1oles &#8220;keine Tengan Que Pagar Mil Millones de Euros&#8221; sin saber Qui\u00e9n Se va a Hacer Ladung de Ello y Posibilitar As\u00ed Que el Modelo Meer &#8220;Sostenible&#8221;.<\/p>\n<p>Se ha verweisen As\u00ed al Coste de Asistencia eine 700,000 Europeos Que Hab\u00edan Obtenido la Tarjeta Sanitaria sin Tener Derecho, Seg\u00fan Cifras del Tribunal de Cuentas.<\/p>\n<p>Respecto del N\u00famero de Personas Que Desde Hoy Se Ver\u00e1n Afectadas Por la Retirada De La Tarjeta Sanitaria ha Se\u00f1alado Que Podr\u00eda Hablarse de Unas 130.000, Aunque kein es un N\u00famero Definitivo y hay Que Empezar a Contar Desde Cero.<\/p>\n<p>S\u00ed explained that he spoke of half a million people who would be affected but that at this time does not consist in the health card and, therefore, possibly already do not reside in Spain.<\/p>\n<p>also on this issue, the President of the World Medical Association, Jos\u00e9 Luis Gomes do Amaral, who has attended the extraordinary Assembly, has relied on that reform does not involve any discrimination for patients to understand that it is&#8221;not acceptable&#8221; that there are discriminatory practices between those with a legal status and those who do not.<\/p>\n<p>on the other hand, Rivero has referred to (417 total) medications that also today cease to be funded by Social Security, the vast majority for mild symptoms and, as pointed out, this isn&rsquo;t any &#8220;dismantling&#8221; of healthcare, as he has been criticized since the opposition.<\/p>\n<p>and nicht so, er hat darauf hingewiesen, denn dreizehn tausend achtzehn tausend Medikamente, die in das Vademecum, finanziert durch das \u00f6ffentliche Gesundheitswesen vorhanden sind. Spanien ist, zusammen mit Frankreich und Deutschland, das Land, das hat mehr als zehntausend finanzierte Medikamente, sagte Rivero.<\/p>\n","protected":false},"excerpt":{"rendered":"<p>Madrid, 1 sep (EFE).-the director-general of the basic services of the SNS and pharmacy, Agust\u00edn Rivero, portfolio has assured that there will be no differences by autonomous regions in the treatment to patients who do not have health insurance card and only &#8220;differences&#8221; from today will exist in how billed those benefits. thus, responsible for [&hellip;]<\/p>\n","protected":false},"author":1,"featured_media":0,"comment_status":"close","ping_status":"open","sticky":false,"template":"","format":"standard","meta":{"footnotes":""},"categories":[3],"tags":[],"class_list":["post-29332","post","type-post","status-publish","format-standard","hentry","category-allgemeine","et-doesnt-have-format-content","et_post_format-et-post-format-standard"],"_links":{"self":[{"href":"https:\/\/www.best-dentist-dentistry.com\/de\/wp-json\/wp\/v2\/posts\/29332","targetHints":{"allow":["GET"]}}],"collection":[{"href":"https:\/\/www.best-dentist-dentistry.com\/de\/wp-json\/wp\/v2\/posts"}],"about":[{"href":"https:\/\/www.best-dentist-dentistry.com\/de\/wp-json\/wp\/v2\/types\/post"}],"author":[{"embeddable":true,"href":"https:\/\/www.best-dentist-dentistry.com\/de\/wp-json\/wp\/v2\/users\/1"}],"replies":[{"embeddable":true,"href":"https:\/\/www.best-dentist-dentistry.com\/de\/wp-json\/wp\/v2\/comments?post=29332"}],"version-history":[{"count":0,"href":"https:\/\/www.best-dentist-dentistry.com\/de\/wp-json\/wp\/v2\/posts\/29332\/revisions"}],"wp:attachment":[{"href":"https:\/\/www.best-dentist-dentistry.com\/de\/wp-json\/wp\/v2\/media?parent=29332"}],"wp:term":[{"taxonomy":"category","embeddable":true,"href":"https:\/\/www.best-dentist-dentistry.com\/de\/wp-json\/wp\/v2\/categories?post=29332"},{"taxonomy":"post_tag","embeddable":true,"href":"https:\/\/www.best-dentist-dentistry.com\/de\/wp-json\/wp\/v2\/tags?post=29332"}],"curies":[{"name":"wp","href":"https:\/\/api.w.org\/{rel}","templated":true}]}}