{"id":29387,"date":"2012-12-11T03:31:00","date_gmt":"2012-12-11T03:31:00","guid":{"rendered":null},"modified":"-0001-11-30T00:00:00","modified_gmt":"-0001-11-30T00:00:00","slug":"madrid-is-now-stain-white-on-the-march-in-defence-of-public-health","status":"publish","type":"post","link":"https:\/\/www.best-dentist-dentistry.com\/de\/madrid-is-now-stain-white-on-the-march-in-defence-of-public-health\/29387","title":{"rendered":"Madrid ist jetzt der wei\u00dfe Fleck in Verteidigung der \u00f6ffentlichen Gesundheit auf dem Vormarsch"},"content":{"rendered":"<p class=\"first\"> Madrid, 18 nov (EFE).-das Madrid System Gesundheitspersonal manifestieren sich heute in der &#8220;wei\u00dfen M\u00e4rz&#8221; Protest von &#8220;Abbau&#8221; der \u00f6ffentlichen Gesundheit, die aus verschiedenen Krankenh\u00e4usern in Cibeles bei 13 konvergieren und abweichen wird dort weiter in Richtung Fr.<\/p>\n<p>die Demonstration von verschiedenen Plattformen und Kollektiv der Arbeiter und Verkehrsteilnehmer f\u00e4hrt morgens in vier Spalten aus dem Norden, Osten, S\u00fcdosten und s\u00fcdlich der Hauptstadt, unter dem Thema &#8220;Volksgesundheit wird nicht verkauft, er verteidigt&#8221;.<\/p>\n<p>einmal in der Puerta del Sol, liest ein Manifest zur Verteidigung der \u00f6ffentlichen Gesundheit, so die Veranstalter, wer dieser &#8220;mindestens 1.000 Personen&#8221; lassen die Ausgangspunkte, die Anzahl von jedem gesch\u00e4tzt, die &#8220;steigt bei der Ann\u00e4herung an die Punkte mehr zentriert Gangart&#8221;.<\/p>\n<p>ist sofern Arbeitnehmer im wei\u00dfen Mantel verlassen, w\u00e4hrend andere Demonstranten blaue T-shirts, die tragen werden &#8220;Gesundheit Para tod@s&#8221; tragen Legende vorne und hinten, &#8220;verkauft Public Health&#8221;.<\/p>\n<p>wie die Coordinadora Antiprivatizacion De La Sanidad (CAS), die erste Spalte der wei\u00dfen &#8220;Gezeiten&#8221; um 7.30 Uhr seit dem Hospital del Henares (Coslada) in Richtung des Plaza de Manuel Becerra startet, wo beabsichtigen, 1130 zu gelangen und von dort weiter entlang der Calle Alcal\u00e1 bis Cibeles.<\/p>\n<p>an dieser Stelle treten ihren Arbeitnehmern und Verbrauchern des Krankenhauses Pr\u00edncipe de Asturias (Alcal\u00e1 De Henares), Santa Cristina, Prinzessin, Gregorio Mara\u00f1\u00f3n, Jesuskind und die W\u00e4sche Center Mejorada.<\/p>\n<p>Spalte des S\u00fcdens verlassen des Krankenhauses Parla 8.30 Uhr und 9 von der des Getafe, um 11 Uhr, im Doce de Octubre Krankenhaus mit Demonstranten aus Legan\u00e9s und Aranjuez zusammenlaufen und von dort weiter in Richtung der Paseo de Las Delicias, Atocha und Cibeles.<\/p>\n<p>S\u00fcdosten Spalte 9 Hospital Infanta Leonor (Vallecas) von Barcelona City Avenue in Richtung Atocha, lassen will und sie nehmen auch kollektive des Krankenhauses Virgen De La Torre und Arganda.<\/p>\n<p>vom Norden &#8220;wei\u00dfe Flut&#8221; kommen aus dem Hospital De La Paz am 11, und droppen von den Paseo De La Castellana in Richtung Cibeles.<\/p>\n<p>in dieser Spalte wird erwartet, die auch die Mitarbeiter und Benutzer des Krankenhauses Infanta Sof\u00eda, Carlos III, klinische und Ram\u00f3n y Cajal beteiligt.<\/p>\n","protected":false},"excerpt":{"rendered":"<p>Madrid, 18 nov (EFE).-das Madrid System Gesundheitspersonal manifestieren sich heute in der &#8220;wei\u00dfen M\u00e4rz&#8221; Protest von &#8220;Abbau&#8221; der \u00f6ffentlichen Gesundheit, die aus verschiedenen Krankenh\u00e4usern in Cibeles bei 13 konvergieren und abweichen wird dort weiter in Richtung Fr. die Demonstration von verschiedenen Plattformen und Kollektiv der Arbeiter und Verkehrsteilnehmer f\u00e4hrt morgens in vier Spalten aus dem [&hellip;]<\/p>\n","protected":false},"author":1,"featured_media":0,"comment_status":"close","ping_status":"open","sticky":false,"template":"","format":"standard","meta":{"footnotes":""},"categories":[3],"tags":[39759],"class_list":["post-29387","post","type-post","status-publish","format-standard","hentry","category-allgemeine","tag-fleck","et-doesnt-have-format-content","et_post_format-et-post-format-standard"],"_links":{"self":[{"href":"https:\/\/www.best-dentist-dentistry.com\/de\/wp-json\/wp\/v2\/posts\/29387","targetHints":{"allow":["GET"]}}],"collection":[{"href":"https:\/\/www.best-dentist-dentistry.com\/de\/wp-json\/wp\/v2\/posts"}],"about":[{"href":"https:\/\/www.best-dentist-dentistry.com\/de\/wp-json\/wp\/v2\/types\/post"}],"author":[{"embeddable":true,"href":"https:\/\/www.best-dentist-dentistry.com\/de\/wp-json\/wp\/v2\/users\/1"}],"replies":[{"embeddable":true,"href":"https:\/\/www.best-dentist-dentistry.com\/de\/wp-json\/wp\/v2\/comments?post=29387"}],"version-history":[{"count":0,"href":"https:\/\/www.best-dentist-dentistry.com\/de\/wp-json\/wp\/v2\/posts\/29387\/revisions"}],"wp:attachment":[{"href":"https:\/\/www.best-dentist-dentistry.com\/de\/wp-json\/wp\/v2\/media?parent=29387"}],"wp:term":[{"taxonomy":"category","embeddable":true,"href":"https:\/\/www.best-dentist-dentistry.com\/de\/wp-json\/wp\/v2\/categories?post=29387"},{"taxonomy":"post_tag","embeddable":true,"href":"https:\/\/www.best-dentist-dentistry.com\/de\/wp-json\/wp\/v2\/tags?post=29387"}],"curies":[{"name":"wp","href":"https:\/\/api.w.org\/{rel}","templated":true}]}}