{"id":29547,"date":"2012-12-13T02:31:12","date_gmt":"2012-12-13T02:31:12","guid":{"rendered":null},"modified":"-0001-11-30T00:00:00","modified_gmt":"-0001-11-30T00:00:00","slug":"ccoo-he-fears-that-health-savings-announced-by-the-government-materialize-in-cuts-in-staff-and-salaries","status":"publish","type":"post","link":"https:\/\/www.best-dentist-dentistry.com\/de\/ccoo-he-fears-that-health-savings-announced-by-the-government-materialize-in-cuts-in-staff-and-salaries\/29547","title":{"rendered":"ccoo he fears that health savings announced by the government materialize in cuts in staff and salaries"},"content":{"rendered":"<p class=\"first\"> <span class=\"yshortcuts\" id=\"lw_1333993395_0\"> MADRID<\/span>, 09 (<span class=\"yshortcuts\" id=\"lw_1333993395_1\"> EUROPA PRESS<\/span>)<\/p>\n<p>der <span class=\"yshortcuts\" id=\"lw_1333993395_2\"> Generalsekret\u00e4r<\/span> der <span class=\"yshortcuts\" id=\"lw_1333993395_3\"> Federation<\/span> of Gesundheit der Comisiones Obreras, Antonio Cabrera, hat gezeigt, seine Besorgnis \u00fcber die M\u00f6glichkeit der Gesundheit Schnitte von der Regierung angek\u00fcndigten in K\u00fcrzungen bei Personal oder Lohn Reduktion Profis, \u00fcbersetzt werden, wie es geschehen ist, in diesem Jahr in vielen autonomen Gemeinschaften, da dieses es &#8220;eine Verschlechterung der Leistungen&#8221; bedeuten w\u00fcrde.<\/p>\n<p>&#8220;Die Regierung muss angeben, ob ihre Politik der K\u00fcrzungen gehen in Linie entwickelt in diesem Jahr von den autonomen Gemeinschaften, die Einstellungen des umgesetzt haben&#8221; Tag, Lohnk\u00fcrzungen und Entlassungen zu reduzieren Kosten die einfachste Sache ist, Personalkosten zu reduzieren und beunruhigt uns, da dies sicherlich zu einer Verschlechterung der Leistungen f\u00fchren wird&#8221;, wies er auf Europa Press.<\/p>\n<p>Ministerpr\u00e4sident Mariano Rajoy, reagierte am Montag auf das Anliegen der M\u00e4rkte mit einem neuen Paket der Reformen im Bildungs- und Gesundheitswesen, mit denen die Exekutive Einsparungen von 10000 Millionen Euro sieht.<\/p>\n<p>Rajoy zitiert insbesondere in der Moncloa-Palast mit dem Minister f\u00fcr Gesundheit, Ana Mato und der Minister f\u00fcr Bildung, Jos\u00e9 Ignacio Wert,&#8221; Definieren der Reformen des nationalen Programms &#8220;und&#8221; bestimmen die Reformen zur Erreichung gr\u00f6\u00dferer Rationalisierung, Beseitigung von Doppelarbeit und Effizienz bei der Verwaltung gro\u00dfer \u00f6ffentlicher Dienstleistungen ist f\u00fcr diesen Monat geplant &#8220;, wie das Ministerium f\u00fcr die Pr\u00e4sidentschaft in einer Erkl\u00e4rung mitteilte.<\/p>\n","protected":false},"excerpt":{"rendered":"<p>MADRID, 09 ( EUROPA PRESS) der Generalsekret\u00e4r der Federation of Gesundheit der Comisiones Obreras, Antonio Cabrera, hat gezeigt, seine Besorgnis \u00fcber die M\u00f6glichkeit der Gesundheit Schnitte von der Regierung angek\u00fcndigten in K\u00fcrzungen bei Personal oder Lohn Reduktion Profis, \u00fcbersetzt werden, wie es geschehen ist, in diesem Jahr in vielen autonomen Gemeinschaften, da dieses es &#8220;eine [&hellip;]<\/p>\n","protected":false},"author":1,"featured_media":0,"comment_status":"close","ping_status":"open","sticky":false,"template":"","format":"standard","meta":{"footnotes":""},"categories":[3],"tags":[],"class_list":["post-29547","post","type-post","status-publish","format-standard","hentry","category-allgemeine","et-doesnt-have-format-content","et_post_format-et-post-format-standard"],"_links":{"self":[{"href":"https:\/\/www.best-dentist-dentistry.com\/de\/wp-json\/wp\/v2\/posts\/29547","targetHints":{"allow":["GET"]}}],"collection":[{"href":"https:\/\/www.best-dentist-dentistry.com\/de\/wp-json\/wp\/v2\/posts"}],"about":[{"href":"https:\/\/www.best-dentist-dentistry.com\/de\/wp-json\/wp\/v2\/types\/post"}],"author":[{"embeddable":true,"href":"https:\/\/www.best-dentist-dentistry.com\/de\/wp-json\/wp\/v2\/users\/1"}],"replies":[{"embeddable":true,"href":"https:\/\/www.best-dentist-dentistry.com\/de\/wp-json\/wp\/v2\/comments?post=29547"}],"version-history":[{"count":0,"href":"https:\/\/www.best-dentist-dentistry.com\/de\/wp-json\/wp\/v2\/posts\/29547\/revisions"}],"wp:attachment":[{"href":"https:\/\/www.best-dentist-dentistry.com\/de\/wp-json\/wp\/v2\/media?parent=29547"}],"wp:term":[{"taxonomy":"category","embeddable":true,"href":"https:\/\/www.best-dentist-dentistry.com\/de\/wp-json\/wp\/v2\/categories?post=29547"},{"taxonomy":"post_tag","embeddable":true,"href":"https:\/\/www.best-dentist-dentistry.com\/de\/wp-json\/wp\/v2\/tags?post=29547"}],"curies":[{"name":"wp","href":"https:\/\/api.w.org\/{rel}","templated":true}]}}