{"id":29657,"date":"2012-12-13T03:36:26","date_gmt":"2012-12-13T03:36:26","guid":{"rendered":null},"modified":"-0001-11-30T00:00:00","modified_gmt":"-0001-11-30T00:00:00","slug":"hundreds-of-people-received-with-protests-to-ana-mato-in-zaragoza","status":"publish","type":"post","link":"https:\/\/www.best-dentist-dentistry.com\/de\/hundreds-of-people-received-with-protests-to-ana-mato-in-zaragoza\/29657","title":{"rendered":"hundreds of people received with protests to ana mato in zaragoza"},"content":{"rendered":"<p class=\"first\"> Zaragoza, 21 nov (EFE).-Varios Cientos de Personas Han Protestado Hoy Contra Los Recortes de Sanidad y Servicios Sociales ante la Sede del Gobierno de Arag\u00f3n de Zaragoza a la Llegada De La nistra de Sanidad, Ana Mato, Para Clausurar Los Actos del A\u00f1o Europeo del Envejecimiento Activo y la Solidaridad.<\/p>\n<p>Al Grito de &#8220;Ana Mato, lo P\u00fablico es Barato&#8221;, Blanca, Varios Cientos Personas y Convocados Por Los Colectivos de Marea Naranja y Han Recibido a la nistra Con Silbatos, Altavoces, Pancartas Como En la Que Se Le\u00eda &#8220;Mato lo P\u00fablico&#8221;, Cad\u00e1veres En el Suelo y Hasta un Cortejo F\u00fanebre Que Portaba el Ata\u00fad de Los Servicios P\u00fablicos.<\/p>\n<p>&#8220;Estamos Aqu\u00ed Para Recibir a la nistra Como Se Merece&#8221; Porque &#8220;Parece Sarc\u00e1stico Que Venga a Clausurar un Congreso Por el Envejecimiento Activo y la Solidaridad Cuando Ella y Su Gobierno Est\u00e1n Intentando Desmantelar Toda la Protecci\u00f3n y Todos Los Servicios P\u00fablicos&#8221;, ha Afirmado Asun Qu\u00edlez, un Miembro de Marea Blanca.<\/p>\n<p>SePistole Qu\u00edlez, Rechte, die zu mehr als 25 Jahre &#8220;schwer getroffen&#8221; wird sind erobert machen glauben, dass diese \u00f6ffentliche System nicht nachhaltig ist und &#8220;Einstieg in die Privatisierung \u00f6ffentlicher Dienstleistungen geben und profitieren mit sozialen Bed\u00fcrfnisse und unsere Gesundheit und unsere Krankheit&#8221;.<\/p>\n<p>neben den Mitgliedern der die kollektive zugunsten von Gesundheits- und Sozialdiensten, str\u00f6mten die Plattform gegen die Privatisierung des Gesundheitswesens und der Plattform von universal Health, verschiedene Organisationen von Benutzern, die Verb\u00e4nde der Nachbarschaften und einige Nachbarn Azuara (Zaragoza), deren Gesundheitszentrum schlie\u00dfen soll.<\/p>\n<p>vom Kollektiv der Tauben von Zaragoza und Aragon, hat Mario Baeyens rechtfertigt seine Pr\u00e4senz durch Schnitte von bis zu 90 Prozent gelitten haben und das bedeutet, die Dienstleistungen als Dolmetscher der Sprachen der Zeichen verschwinden wird.<\/p>\n<p> &lt; p&gt; Als bereits erwarteten Demonstranten der Minister f\u00fcr Gesundheit, Soziales und Gleichstellung hat beschlossen, das Geb\u00e4ude durch eine sekund\u00e4re T\u00fcr und obwohl konzentriert sich auf die R\u00fcckseite des Geb\u00e4udes zu versuchen, einen Minister, ihnen zuzuh\u00f6ren gen\u00e4hert haben, hat es durch die Polizeipr\u00e4senz verhindert worden. EFE<\/p>\n","protected":false},"excerpt":{"rendered":"<p>Zaragoza, 21 nov (EFE).-Varios Cientos de Personas Han Protestado Hoy Contra Los Recortes de Sanidad y Servicios Sociales ante la Sede del Gobierno de Arag\u00f3n de Zaragoza a la Llegada De La nistra de Sanidad, Ana Mato, Para Clausurar Los Actos del A\u00f1o Europeo del Envejecimiento Activo y la Solidaridad. Al Grito de &#8220;Ana Mato, [&hellip;]<\/p>\n","protected":false},"author":1,"featured_media":0,"comment_status":"close","ping_status":"open","sticky":false,"template":"","format":"standard","meta":{"footnotes":""},"categories":[3],"tags":[],"class_list":["post-29657","post","type-post","status-publish","format-standard","hentry","category-allgemeine","et-doesnt-have-format-content","et_post_format-et-post-format-standard"],"_links":{"self":[{"href":"https:\/\/www.best-dentist-dentistry.com\/de\/wp-json\/wp\/v2\/posts\/29657","targetHints":{"allow":["GET"]}}],"collection":[{"href":"https:\/\/www.best-dentist-dentistry.com\/de\/wp-json\/wp\/v2\/posts"}],"about":[{"href":"https:\/\/www.best-dentist-dentistry.com\/de\/wp-json\/wp\/v2\/types\/post"}],"author":[{"embeddable":true,"href":"https:\/\/www.best-dentist-dentistry.com\/de\/wp-json\/wp\/v2\/users\/1"}],"replies":[{"embeddable":true,"href":"https:\/\/www.best-dentist-dentistry.com\/de\/wp-json\/wp\/v2\/comments?post=29657"}],"version-history":[{"count":0,"href":"https:\/\/www.best-dentist-dentistry.com\/de\/wp-json\/wp\/v2\/posts\/29657\/revisions"}],"wp:attachment":[{"href":"https:\/\/www.best-dentist-dentistry.com\/de\/wp-json\/wp\/v2\/media?parent=29657"}],"wp:term":[{"taxonomy":"category","embeddable":true,"href":"https:\/\/www.best-dentist-dentistry.com\/de\/wp-json\/wp\/v2\/categories?post=29657"},{"taxonomy":"post_tag","embeddable":true,"href":"https:\/\/www.best-dentist-dentistry.com\/de\/wp-json\/wp\/v2\/tags?post=29657"}],"curies":[{"name":"wp","href":"https:\/\/api.w.org\/{rel}","templated":true}]}}