{"id":29700,"date":"2012-12-14T02:29:08","date_gmt":"2012-12-14T02:29:08","guid":{"rendered":null},"modified":"-0001-11-30T00:00:00","modified_gmt":"-0001-11-30T00:00:00","slug":"rapporteur-vote-in-favour-of-decriminalizing-abortion-in-cases-of-anencephaly-in-brazil","status":"publish","type":"post","link":"https:\/\/www.best-dentist-dentistry.com\/de\/rapporteur-vote-in-favour-of-decriminalizing-abortion-in-cases-of-anencephaly-in-brazil\/29700","title":{"rendered":"rapporteur vote in favour of decriminalizing abortion in cases of anencephaly in brazil"},"content":{"rendered":"<p class=\"first\"> (updates with suspension of the meeting until Thursday)<\/p>\n<p>Brasilia, 11 Apr (EFE).-judge Marco Aurelio Mello, Rapporteur of the process in which the Supreme Federal Court of Brazil must decide on the right of mothers to interrupt a pregnancy when her fetus has anencephaly (absence of part of the brain), today voted in favor of the decriminalization in these cases.<\/p>\n<p>the reading for two hours and 15 minutes of the vote of the judge got underway today in the highest court of Brazil to a trial that has generated great expectations in the country due to the radicalization among supporters and those opposed to the decriminalization of abortion.<\/p>\n<p>Mello, with its vote in favour of decriminalization, he was the first of eleven holders of the Supremo Tribunal Federal (STF) to speak at the hearing, which was interrupted tonight because the judges subsequently had a session in the Superior Electoral Tribunal (TSE).<\/p>\n<p>up &#8220;diesem Moment hatte f\u00fcnf Richter entschied zu Gunsten der Entkriminalisierung, einer gegen und verhindert ein anderes erkl\u00e4rte in der Sitzung, die wieder aufgenommenen Tomorrow. werden<\/p>\n<p>vor dem Berichterstatter, der Prokurator der Republik, Roberto Gurgel, allgemeine pr\u00e4sentiert einen beratenden Bericht, der auch das Recht der Frauen ihre Schwangerschaften bei F\u00f6ten anencephalic k\u00fcndigen verteidigt.<\/p>\n<p>brasilianische Gesetzgebung erlaubt Abtreibung nur in F\u00e4llen von Vergewaltigung oder lebensgef\u00e4hrlich f\u00fcr die Mutter w\u00e4hrend der Schwangerschaft.<\/p>\n<p>und die Hauptquartiere der umz\u00e4unten STF Demonstranten von der katholischen Kirche und Organisationen f\u00fcr die Verteidigung des Lebens f\u00fcr eine Mahnwache gegen eine m\u00f6gliche Lockerung der Abtreibung genannt, Mello erinnerte daran, dass Brasilien einen Staat Laie. ist<\/p>\n<p>&#8220;der Staat ist nicht religi\u00f6s noch Atheist. der Staat ist einfach Neutral. Rechts unterliegt nicht der Religion&#8221;, versichert den Richter.<\/p>\n<p>&#8220;&#8221;Worum es geht, ist die Privatsph\u00e4re, Autonomie und Menschenw\u00fcrde Menschenrechte dieser Frauen sein respektiert sowohl diejenigen, die ihre Schwangerschaft fortsetzen und diejenigen, die lieber unterbrechen zu stoppen oder zu einen Zustand des Leidens zu minimieren&#8221;, hinzugef\u00fcgt.<\/p>\n<p>Mello klargestellt, dass seine Stimme einen &#8220;therapeutischen Fortschritt der Geburt&#8221;, bef\u00fcrwortet die wurde als etwas anderes als Abtreibung und fiel mit Gurgel im Sinn, die M\u00fctter sind, die das Recht zum opt-out oder nicht beenden die Schwangerschaft in diesen F\u00e4llen.<\/p>\n<p>der Berichterstatter auch mehrere Experten geh\u00f6rt, durch den obersten Gerichtshof zitiert Wer hat gesagt, sein sehr begrenzte Aussichten f\u00fcr Extrauterinas Leben eines F\u00f6tus Anencefalo.<\/p>\n<p>&#8220;Anenzephalie konfiguriert eine angeborene t\u00f6dliche Krankheit, denn es keine M\u00f6glichkeit der Entwicklung von Gehirn-Masse in der Zeit sp\u00e4ter gibt. der Anencefalo wird nie ein Mensch geworden&#8221;, sagte.<\/p>\n<p>nach beurteilen, die medizinische Versorgung angeboten, die Frauen in diesen F\u00e4llen soll nicht &#8220;f\u00fcr eine m\u00f6gliche Lebensdauer, aber sicher Tod k\u00fcmmern&#8221;.<\/p>\n<p>Mello, die behauptete, befasst sich nicht mit einem Leben, in diesen F\u00e4llen nicht wachsam gegen Grundrechte, da &#8220;Abtreibung ein Verbrechen gegen Leben staatliche Vormundschaft lebt in Potenzial. im Falle der Anencefalo es ist kein Leben m\u00f6glich ist&#8221; der Schwangerschaftsabbruch.<\/p>\n<p>auch ausgeschlossen aus die Entkriminalisierung in diesen F\u00e4llen k\u00f6nnte als eine L\u00fccke in die Gesetzgebung flexibler gestalten und erm\u00f6glichen Abtreibung im Falle von F\u00f6ten mit anderen Fehlbildungen oder Krankheiten interpretiert werden. EFE<\/p>\n","protected":false},"excerpt":{"rendered":"<p>(updates with suspension of the meeting until Thursday) Brasilia, 11 Apr (EFE).-judge Marco Aurelio Mello, Rapporteur of the process in which the Supreme Federal Court of Brazil must decide on the right of mothers to interrupt a pregnancy when her fetus has anencephaly (absence of part of the brain), today voted in favor of the [&hellip;]<\/p>\n","protected":false},"author":1,"featured_media":0,"comment_status":"close","ping_status":"open","sticky":false,"template":"","format":"standard","meta":{"footnotes":""},"categories":[3],"tags":[],"class_list":["post-29700","post","type-post","status-publish","format-standard","hentry","category-allgemeine","et-doesnt-have-format-content","et_post_format-et-post-format-standard"],"_links":{"self":[{"href":"https:\/\/www.best-dentist-dentistry.com\/de\/wp-json\/wp\/v2\/posts\/29700","targetHints":{"allow":["GET"]}}],"collection":[{"href":"https:\/\/www.best-dentist-dentistry.com\/de\/wp-json\/wp\/v2\/posts"}],"about":[{"href":"https:\/\/www.best-dentist-dentistry.com\/de\/wp-json\/wp\/v2\/types\/post"}],"author":[{"embeddable":true,"href":"https:\/\/www.best-dentist-dentistry.com\/de\/wp-json\/wp\/v2\/users\/1"}],"replies":[{"embeddable":true,"href":"https:\/\/www.best-dentist-dentistry.com\/de\/wp-json\/wp\/v2\/comments?post=29700"}],"version-history":[{"count":0,"href":"https:\/\/www.best-dentist-dentistry.com\/de\/wp-json\/wp\/v2\/posts\/29700\/revisions"}],"wp:attachment":[{"href":"https:\/\/www.best-dentist-dentistry.com\/de\/wp-json\/wp\/v2\/media?parent=29700"}],"wp:term":[{"taxonomy":"category","embeddable":true,"href":"https:\/\/www.best-dentist-dentistry.com\/de\/wp-json\/wp\/v2\/categories?post=29700"},{"taxonomy":"post_tag","embeddable":true,"href":"https:\/\/www.best-dentist-dentistry.com\/de\/wp-json\/wp\/v2\/tags?post=29700"}],"curies":[{"name":"wp","href":"https:\/\/api.w.org\/{rel}","templated":true}]}}