{"id":29813,"date":"2012-12-14T03:01:56","date_gmt":"2012-12-14T03:01:56","guid":{"rendered":null},"modified":"-0001-11-30T00:00:00","modified_gmt":"-0001-11-30T00:00:00","slug":"i-go-with-mexico-in-the-heart-said-chavela-vargas-shortly-before-his-death","status":"publish","type":"post","link":"https:\/\/www.best-dentist-dentistry.com\/de\/i-go-with-mexico-in-the-heart-said-chavela-vargas-shortly-before-his-death\/29813","title":{"rendered":"i go with mexico in the heart said chavela vargas shortly before his death"},"content":{"rendered":"<p class=\"first\"> Mexico, 5 Aug (EFE).-&#8220;I&rsquo;m going with Mexico in the heart&#8221;. well sacked today singer Chavela Vargas, who asked their nurses to withdraw him oxygen mask to pronounce your last sentence before he died, he told Efe her friend Mary curtain.<\/p>\n<p>&#8220;in the morning he looked very weak and yet he continued smiling, came a moment in which requested that you removed is the oxygen mask to say a few words&#8221;, was narrated Cortina, who has not taken off the interpreter&rsquo;s Costa Rican in recent days.<\/p>\n<p>&#8220;I voy with Mexico in the heart,&#8221; said Chavela, who during the week that was in the Inovamed of Cuernavaca hospital &#8220;not complained or even a second, maintained great dignity, a big smile for everyone who attended it&#8221;, she said.<\/p>\n<p>Vargas &#8220;died as he lived, giving us example of strength and dignity&#8221;, said Cortina, who wrote the book with the artist &#8220;two lives need. the truths of Chavela&#8221;.<\/p>\n<p> &lt; p> Record\u00f3 Que Cuando Chavela Se Dispon\u00eda Para Viajar a Espa\u00f1a Mucha Gente le Advirti\u00f3 de Los Riesgos del Viaje Por Sus 93 A\u00f1os, Pero ein Ella keine le Import\u00f3 e Insisti\u00f3, Porque Su \u00daltimo Deseo \u00c4ra Ir a Espa\u00f1a.<\/p>\n<p>El Objetivo del Viaje keine \u00c4ra solo Despedirse de Sus Amigos, Sino de un Personaje Que le Acompa\u00f1\u00f3 Durante Los \u00daltimos A\u00f1os de Vida, Que \u00c4ra Federico Garc\u00eda Lorca, Apunt\u00f3.<\/p>\n<p>&#8220;Y le Fue ein Cantar ein Federico&#8221; y eine Presentar Sus Memorias de Madrid, Pero Sufri\u00f3 un Cansancio&#8221;schreckliche&#8221; y la Tuvieron Que Hospitalizar Durante Una Semana.<\/p>\n<p>Entonces Chavela Dijo: Ya S\u00e9 Que me Voy a Morir, Estoy Clara, y lo Voy a Hacer a M\u00e9xico &#8220;, Cont\u00f3 Cortina, Quien Indic\u00f3 Que Dos D\u00edas Despu\u00e9s de Haber Llegado a Tepoztl\u00e1n, Donde Vivi\u00f3 Los \u00daltimos A\u00f1os, Fue Internada Nuevamente.<\/p>\n<p>Confirm\u00f3 Que la Cantante de Temas Como&#8221;Macorina&#8221;,&#8221; La Llorona &#8220;y&#8221;Amanec\u00ed Entre Tus Brazos&#8221;Recibir\u00e1 Dos Homenajes de Cuerpo presente Este Lunes y Martes de la Hauptstadt Mexicana.<\/p>\n<p>El erste Hommage werden morgen in der symboltr\u00e4chtigen Plaza Garibaldi, wo werden verschleiert, also &#8220;es sehr gut vorbereiten m\u00f6chten&#8221; in Cuernavaca wechselte zur Stadt von Mexiko.<\/p>\n<p>Schatten, der erkl\u00e4rte, dass diese Ehrung wird organisiert durch die Regierung der Hauptstadt, &#8220;Sie wurden sehr nahe&#8221; sagte &#8220;Ich bin sicher, dass das Quadrat wird mit Ihrem Publikum, gef\u00fcllt&#8221; und unterst\u00fctzt sie in ihrer neuesten Produktionen Datensatz.<\/p>\n<p>&#8220;Abgesehen von seiner geliebten Tepoztlan, lebte lange in der Stadt Mexico&#8221;, erinnerte die auch Journalisten, der sagte, dass die zweite Ehrung, vorbereitet von der Bundesregierung, am Dienstag im Palacio de Bellas Artes werden.<\/p>\n<p>dann wird es &#8220;einge\u00e4schert und seine Asche einige kommst zu Tepoztl\u00e1n&#8221;, Vorhang, ger\u00fchrt von der Abfahrt ihrer Freundin hinzugef\u00fcgt.<\/p>\n","protected":false},"excerpt":{"rendered":"<p>Mexico, 5 Aug (EFE).-&#8220;I&rsquo;m going with Mexico in the heart&#8221;. well sacked today singer Chavela Vargas, who asked their nurses to withdraw him oxygen mask to pronounce your last sentence before he died, he told Efe her friend Mary curtain. &#8220;in the morning he looked very weak and yet he continued smiling, came a moment [&hellip;]<\/p>\n","protected":false},"author":1,"featured_media":0,"comment_status":"close","ping_status":"open","sticky":false,"template":"","format":"standard","meta":{"footnotes":""},"categories":[3],"tags":[],"class_list":["post-29813","post","type-post","status-publish","format-standard","hentry","category-allgemeine","et-doesnt-have-format-content","et_post_format-et-post-format-standard"],"_links":{"self":[{"href":"https:\/\/www.best-dentist-dentistry.com\/de\/wp-json\/wp\/v2\/posts\/29813","targetHints":{"allow":["GET"]}}],"collection":[{"href":"https:\/\/www.best-dentist-dentistry.com\/de\/wp-json\/wp\/v2\/posts"}],"about":[{"href":"https:\/\/www.best-dentist-dentistry.com\/de\/wp-json\/wp\/v2\/types\/post"}],"author":[{"embeddable":true,"href":"https:\/\/www.best-dentist-dentistry.com\/de\/wp-json\/wp\/v2\/users\/1"}],"replies":[{"embeddable":true,"href":"https:\/\/www.best-dentist-dentistry.com\/de\/wp-json\/wp\/v2\/comments?post=29813"}],"version-history":[{"count":0,"href":"https:\/\/www.best-dentist-dentistry.com\/de\/wp-json\/wp\/v2\/posts\/29813\/revisions"}],"wp:attachment":[{"href":"https:\/\/www.best-dentist-dentistry.com\/de\/wp-json\/wp\/v2\/media?parent=29813"}],"wp:term":[{"taxonomy":"category","embeddable":true,"href":"https:\/\/www.best-dentist-dentistry.com\/de\/wp-json\/wp\/v2\/categories?post=29813"},{"taxonomy":"post_tag","embeddable":true,"href":"https:\/\/www.best-dentist-dentistry.com\/de\/wp-json\/wp\/v2\/tags?post=29813"}],"curies":[{"name":"wp","href":"https:\/\/api.w.org\/{rel}","templated":true}]}}