{"id":29818,"date":"2012-12-14T03:02:31","date_gmt":"2012-12-14T03:02:31","guid":{"rendered":null},"modified":"-0001-11-30T00:00:00","modified_gmt":"-0001-11-30T00:00:00","slug":"the-facua-spokesperson-says-that-the-association-will-not-kneel-before-the-government-a-fistful-of-euros","status":"publish","type":"post","link":"https:\/\/www.best-dentist-dentistry.com\/de\/the-facua-spokesperson-says-that-the-association-will-not-kneel-before-the-government-a-fistful-of-euros\/29818","title":{"rendered":"Der Facua Sprecher sagt, dass der Verein &#8220;nicht vor der Regierung f\u00fcr eine Handvoll Euro Knien wird&#8221;"},"content":{"rendered":"<p>SEVILLA, 6 (EUROPA PRESS)<\/p>\n<p class=\"first\"> bedauert, dass es &#8220;das erste Mal in einer Demokratie, dass der Terrorismus eine Organisation besch\u00e4ftigt diese Art der Drohungen der Regierung leidet&#8221; ist<\/p>\n<p>der Sprecher der Facu-Verbraucher in Aktion, Ruben Sanchez, hat versichert, dass Montag, die &#8220;gegen B\u00fcrger, die Kite, missbraucht&#8221; weiterhin gesendeten K\u00fcndigung der Regierung Mariano Rajoy trotz der Brief vom Ministerium f\u00fcr Gesundheit in welcher fordert Facua aus ihrer Website in 15 Tagen entfernen solcher Kampagnen unter Risiko ausgeschlossen wird, aus dem staatlichen Register der Verb\u00e4nde der Verbraucher, etwas, die miteinbeziehen w\u00fcrde, unter anderem den R\u00fcckzug der Subventionen von der Exekutive.<\/p>\n<p>&#8220;Facua wollen nicht um f\u00fcr eine Handvoll Euro vor einer Regierung zu knien, die uns auffordert, dass US-leise&#8221;, Sanchez verurteilt hat. De Una Rueda de Prensa de Sevilla, el Portavoz de Facua ha Criticado Que la Misiva Recibida Por Parte del Ministerio Supone &#8220;un Insulto a la Democracia&#8221;. &#8220;Es la Primera Vez Que Una Organizaci\u00f3n et al Akosombo Terrorismo Sufre Este Tipo de Amenaza y Chantaje Por Parte del Gobierno&#8221;, ha Apostillado.<\/p>\n<p>As\u00ed, ha Reconocido Que Perder las Subvenciones Estatales Har\u00eda &#8220;un Da\u00f1o Importante&#8221; a la Asociaci\u00f3n, Pero ha Subrayado Que \u00c9stas Suponen S\u00f3lo un Porcentaje De La Financiaci\u00f3n de Esta Asociaci\u00f3n, Que Cuenta Con &#8220;Cerca de 100.000 Socios&#8221; Buena Parte de Los Cuales Abonan Una Cuota anual. &#8220;Nos Har\u00eda Mucho Da\u00f1o, Pero keine \u00c4nderungsantr\u00e4ge va eine Hundir&#8221;, ha Apuntado.<\/p>\n<p>S\u00e1nchez ha andeuten keine Conocer con Exactitud Qu\u00e9 Porcentaje de Su Financiaci\u00f3n Tiene Procedencia P\u00fablica, Pero el Pasado Mes de Enero ya Remiti\u00f3 un Comunicado de el Que Lamentaba Que la Cantidad Recibida En 2011&#8211;290.000 Euro&#8211;la Situaba &#8220;de el Vag\u00f3n de Cola&#8221; Respecto al Resto de Asociaciones de Consumidores.<\/p>\n<p>D(e) die Sprecher hat versichert, dass sie &#8220;absolut nichts&#8221; Ihrer Webseite umziehen werden, in der Facua mehrere Videos und Pressemitteilungen gegen die &#8220;Medicamentazo&#8221; geschrieben hat und sorgt f\u00fcr &#8220;K\u00fcrzungen im Bildungsbereich&#8221; von Executive der Rajoy gemacht, als sie einen Streik des Verbrauchs am 19. Juli gegen die Mehrwertsteuererh\u00f6hung Aktionen, die gef\u00f6rdert &#8220;Escocido&#8221; der Regierung, haben.<\/p>\n<p>ACUDIRA Gerichte<\/p>\n<p>hat auch darauf hingewiesen, dass der das Ministerium trifft seine &#8220;ernste Bedrohung&#8221; und vertreibt ihn aus dem Vereinsregister der Verbraucher, Facua Gerichte zu verurteilen, was sie als &#8220;Angriff gegen das Recht der Gesellschaft, Meinungsfreiheit und Demokratie&#8221; zu besuchen.<\/p>\n<p>, obwohl Sanchez zuversichtlich ist, dass &#8220;jeder Richter scherzhaft \u00fcber Land&#8221; Argumente von der Exekutive ausge\u00fcbt, Vereinsregister der Verbraucher Facua, vertreiben hat beklagt, dass die Wiedereinsetzung in den Registrierungsprozess kann dauern &#8220;Monate oder Jahre&#8221;, &#8220;mit dem Schaden w\u00fcrde, dass diese Vereinigung produzieren&#8221;.<\/p>\n<p>, dass neben der Verlust von Subventionen vorausgesetzt Regierung gesetzlich &#8211; &#8220;das ist was das Generalsekretariat der Gesundheit glaubt, dass ich uns ruhig halten k\u00f6nnte,&#8221; hingewiesen-, den R\u00fcckzug seines Status als ein Verbraucherverband f\u00fcr Facua bedeuten w\u00fcrde, seine Vertreibung aus dem beratenden Gremien wie dem Rat von Verbrauchern und Nutzern der Regierung, durch den Informationen \u00fcber die Projekte der regulatorischen \u00c4nderungen erhalten, die Verbraucher zur Zeit beeinflussen, die ihr Recht auf F\u00f6rderung der Strafverfolgung f\u00fcr den Schutz der Kollektivinteressen beseitigen w\u00fcrde.<\/p>\n<p>   Aus diesem Grund hat, forderte die Regierung auf &#8220;korrigieren&#8221; und den Start wieder auf diese &#8220;Bedrohung&#8221;, w\u00e4hrend die anderen politischen Parteien und Verb\u00e4nden beide Minister f\u00fcr Gesundheit, Ana Mato, die Exekutive in diesem Sinne appellieren gef\u00f6rdert hat<\/p>\n<p>Sanchez hat in \u00e4hnlicher Weise Tausende von Nachrichten empfangen, w\u00e4hrend das ganze Wochenende \u00fcber Twitter, als auch die \u00f6ffentlichen Verlautbarungen der Unterst\u00fctzung von IU, der Plural Links-Fraktion, Equo, der Junta de Andaluc\u00eda oder der Minister f\u00fcr Wirtschaft, El Salvador, Armando Flores Ermutigung gedankt.<\/p>\n","protected":false},"excerpt":{"rendered":"<p>SEVILLA, 6 (EUROPA PRESS) bedauert, dass es &#8220;das erste Mal in einer Demokratie, dass der Terrorismus eine Organisation besch\u00e4ftigt diese Art der Drohungen der Regierung leidet&#8221; ist der Sprecher der Facu-Verbraucher in Aktion, Ruben Sanchez, hat versichert, dass Montag, die &#8220;gegen B\u00fcrger, die Kite, missbraucht&#8221; weiterhin gesendeten K\u00fcndigung der Regierung Mariano Rajoy trotz der Brief [&hellip;]<\/p>\n","protected":false},"author":1,"featured_media":0,"comment_status":"close","ping_status":"open","sticky":false,"template":"","format":"standard","meta":{"footnotes":""},"categories":[3],"tags":[],"class_list":["post-29818","post","type-post","status-publish","format-standard","hentry","category-allgemeine","et-doesnt-have-format-content","et_post_format-et-post-format-standard"],"_links":{"self":[{"href":"https:\/\/www.best-dentist-dentistry.com\/de\/wp-json\/wp\/v2\/posts\/29818","targetHints":{"allow":["GET"]}}],"collection":[{"href":"https:\/\/www.best-dentist-dentistry.com\/de\/wp-json\/wp\/v2\/posts"}],"about":[{"href":"https:\/\/www.best-dentist-dentistry.com\/de\/wp-json\/wp\/v2\/types\/post"}],"author":[{"embeddable":true,"href":"https:\/\/www.best-dentist-dentistry.com\/de\/wp-json\/wp\/v2\/users\/1"}],"replies":[{"embeddable":true,"href":"https:\/\/www.best-dentist-dentistry.com\/de\/wp-json\/wp\/v2\/comments?post=29818"}],"version-history":[{"count":0,"href":"https:\/\/www.best-dentist-dentistry.com\/de\/wp-json\/wp\/v2\/posts\/29818\/revisions"}],"wp:attachment":[{"href":"https:\/\/www.best-dentist-dentistry.com\/de\/wp-json\/wp\/v2\/media?parent=29818"}],"wp:term":[{"taxonomy":"category","embeddable":true,"href":"https:\/\/www.best-dentist-dentistry.com\/de\/wp-json\/wp\/v2\/categories?post=29818"},{"taxonomy":"post_tag","embeddable":true,"href":"https:\/\/www.best-dentist-dentistry.com\/de\/wp-json\/wp\/v2\/tags?post=29818"}],"curies":[{"name":"wp","href":"https:\/\/api.w.org\/{rel}","templated":true}]}}