{"id":30021,"date":"2012-12-15T03:32:35","date_gmt":"2012-12-15T03:32:35","guid":{"rendered":null},"modified":"-0001-11-30T00:00:00","modified_gmt":"-0001-11-30T00:00:00","slug":"Ein-Urteil-bestimmt-diese-Verlagerung-der-Arbeitnehmer-aus-dem-Krankenhaus-San-Pedro-kostenlos-plug-in-von-turnicidad","status":"publish","type":"post","link":"https:\/\/www.best-dentist-dentistry.com\/de\/Ein-Urteil-bestimmt-diese-Verlagerung-der-Arbeitnehmer-aus-dem-Krankenhaus-San-Pedro-kostenlos-plug-in-von-turnicidad\/30021","title":{"rendered":"Ein Urteil bestimmt diese Verlagerung der Arbeitnehmer aus dem Krankenhaus San Pedro kostenlos plug in von turnicidad"},"content":{"rendered":"<p class=\"first\"> LOGRO\u00d1O, 07 (EUROPA PRESS)<\/p>\n<p>der Gewerkschaft der Arbeiter der Administration Riojana (STAR) Donnerstag berichtet, dass ein Urteil, das diktiert &#8220;diejenigen Arbeitnehmer, die an das Krankenhaus San Pedro de Logro\u00f1o Schicht-gew\u00e4hrt ihr Recht auf die Erg\u00e4nzung des Turnicidad wahrnehmen, jeden Monat, und das ist nicht die Albur der Verwaltung, wie es bis jetzt geschehen hatte&#8221;.<\/p>\n<p>wie bereits von der Union in einer Erkl\u00e4rung, &#8220;bekanntlich, viele der Arbeiter, die ihre Aufgaben in dem Krankenhaus San Pedro, tut es verschieben, Erf\u00fcllung von Manana-Tarde, Manana-Noche, Abend oder Nacht Manana-Tarde &#8211; Tage&#8221;.<\/p>\n<p>die Verg\u00fctung dieser Art von Tag, erkl\u00e4rt: &#8220;erfolgt gem\u00e4\u00df geregelt in einer Vereinbarung im Jahr 1996, wobei alle diejenigen Arbeitnehmer, die mit dieser Art&#8221; Tag erh\u00e4lt sie das Komplement des Turnicidad, wenn bei monatlicher Berechnung sie mindestens f\u00fcnf dieser Zeitplan \u00c4nderungen durchf\u00fchren oder selbst wenn Sie nicht f\u00fchren sie einen Monat, dies ist aufgrund von Umst\u00e4nden, die allein auf die Verwaltung &#8220;.<\/p>\n<p>&#8220;-oben sagt STAR &#8211; jetzt die SERIS hatte Anwendung strenge Kriterien, die jeder Arbeitnehmer, der nicht mindestens f\u00fcnf dieser Zeitplan-\u00c4nderungen auf einem Monat durchgef\u00fchrt Arbeiter nicht in ihre monatliche Gehalt Erg\u00e4nzung des Turnicidad wahrgenommen sagte und dies auch dann, wenn die Zeitplan\u00e4nderung Frucht war eigene Verwaltung organisatorische Umst\u00e4nde&#8221;.<\/p>\n<p>Union STAR nahm vor Gericht&#8221; den Fall eines jener<\/p>\n<p>Arbeitnehmer verlagern, die einige Monate die SERIS nicht belohnt<\/p>\n<p>ihre Turnicidad unter dem Vorwand, in &#8221; diese Monate an, es nicht die erforderlichen f\u00fcnf UMSCHALT-\u00c4nderungen gemacht hatte, und das, obwohl es offensichtlich war, dass ein solcher Umstand war ausschlie\u00dflich auf die Organisation der Verwaltung zur\u00fcckzuf\u00fchren&#8221;.<\/p>\n<p>&#8220;am Ende, haben die Gerichte gegeben uns Grund und akzeptieren die These von der STAR sie erkl\u00e4rt haben, der Arbeitnehmer das Recht, die Erg\u00e4nzung des Turnicidad auch in diesen Monaten sammeln, die aus organisatorischen Gr\u00fcnden auf die Verwaltung, zur\u00fcckzuf\u00fchren, die nicht den Zyklus der f\u00fcnf Zeitplan abgeschlossen werden im Monat \u00e4ndert verteidigt&#8221;endet die Union Memo.<\/p>\n","protected":false},"excerpt":{"rendered":"<p>LOGRO\u00d1O, 07 (EUROPA PRESS) der Gewerkschaft der Arbeiter der Administration Riojana (STAR) Donnerstag berichtet, dass ein Urteil, das diktiert &#8220;diejenigen Arbeitnehmer, die an das Krankenhaus San Pedro de Logro\u00f1o Schicht-gew\u00e4hrt ihr Recht auf die Erg\u00e4nzung des Turnicidad wahrnehmen, jeden Monat, und das ist nicht die Albur der Verwaltung, wie es bis jetzt geschehen hatte&#8221;. wie [&hellip;]<\/p>\n","protected":false},"author":1,"featured_media":0,"comment_status":"close","ping_status":"open","sticky":false,"template":"","format":"standard","meta":{"footnotes":""},"categories":[3],"tags":[40390,40392,40393,40391],"class_list":["post-30021","post","type-post","status-publish","format-standard","hentry","category-allgemeine","tag-lektionen","tag-plug-in","tag-turnicidad","tag-verlagerung","et-doesnt-have-format-content","et_post_format-et-post-format-standard"],"_links":{"self":[{"href":"https:\/\/www.best-dentist-dentistry.com\/de\/wp-json\/wp\/v2\/posts\/30021","targetHints":{"allow":["GET"]}}],"collection":[{"href":"https:\/\/www.best-dentist-dentistry.com\/de\/wp-json\/wp\/v2\/posts"}],"about":[{"href":"https:\/\/www.best-dentist-dentistry.com\/de\/wp-json\/wp\/v2\/types\/post"}],"author":[{"embeddable":true,"href":"https:\/\/www.best-dentist-dentistry.com\/de\/wp-json\/wp\/v2\/users\/1"}],"replies":[{"embeddable":true,"href":"https:\/\/www.best-dentist-dentistry.com\/de\/wp-json\/wp\/v2\/comments?post=30021"}],"version-history":[{"count":0,"href":"https:\/\/www.best-dentist-dentistry.com\/de\/wp-json\/wp\/v2\/posts\/30021\/revisions"}],"wp:attachment":[{"href":"https:\/\/www.best-dentist-dentistry.com\/de\/wp-json\/wp\/v2\/media?parent=30021"}],"wp:term":[{"taxonomy":"category","embeddable":true,"href":"https:\/\/www.best-dentist-dentistry.com\/de\/wp-json\/wp\/v2\/categories?post=30021"},{"taxonomy":"post_tag","embeddable":true,"href":"https:\/\/www.best-dentist-dentistry.com\/de\/wp-json\/wp\/v2\/tags?post=30021"}],"curies":[{"name":"wp","href":"https:\/\/api.w.org\/{rel}","templated":true}]}}