{"id":3004,"date":"2011-12-23T18:01:29","date_gmt":"2011-12-23T18:01:29","guid":{"rendered":null},"modified":"-0001-11-30T00:00:00","modified_gmt":"-0001-11-30T00:00:00","slug":"sedisa-appoints-its-territorial-delegates-in-the-cam","status":"publish","type":"post","link":"https:\/\/www.best-dentist-dentistry.com\/de\/sedisa-appoints-its-territorial-delegates-in-the-cam\/3004","title":{"rendered":"SEDISA ernennt seine territoriale Delegierte in der CAM."},"content":{"rendered":"<p><strong>SEDISA ernennt seine territoriale Delegierte im CAM <\/p>\n<p><font   size=\"2\"> Madrid, Dezember 2011 &#8211;<\/font><\/strong><font   size=\"2\"> von der spanischen Gesellschaft Gesundheit Verwaltung (SEDISA) freut sich, die Einbeziehung in die Gesellschaft des territorialen delegiert neue 2 f\u00fcr die Comunidd Aut\u00f3noma Madrid. <\/p>\n<p><img loading=\"lazy\" decoding=\"async\" title=\"\" height=\"0\" alt=\"\" src=\"http:\/\/www.best-dentist-dentistry.com\/best-dentist-images\/sedisa-appoints-its-territorial-delegates-in-the-cam.JPG\" width=\"0\" align=\"baseline\" border=\"0\"\/> <br \/><\/font><\/p>\n<p align=\"center\"> <font   size=\"2\"> <img loading=\"lazy\" decoding=\"async\" title=\"\" height=\"241\" alt=\"\" src=\"http:\/\/www.best-dentist-dentistry.com\/best-dentist-images\/sedisa-appoints-its-territorial-delegates-in-the-cam.JPG\" width=\"450\" align=\"baseline\" border=\"0\"\/><\/font><\/p>\n<p><font   size=\"2\"> 2 Diese Erg\u00e4nzungen durch die Ernennung von Dr. C\u00e9sar Pascual, ehemaliger Leiter der Aktivit\u00e4ten der Gesellschaft in der Gemeinschaft von Madrid, entstehen gesch\u00e4ftsf\u00fchrender Direktor des Krankenhauses H. Marquis von Valdecilla (Santander). <\/p>\n<p>Diese Ernennungen wurden weiterhin aktiv und kontinuierlich mit den Aktivit\u00e4ten der Gesellschaft in der Gemeinschaft von Madrid, im Hinblick auf die Bed\u00fcrfnisse und Propuestan, die auftreten k\u00f6nnen, mit dem Ziel der Verbesserung des Dienstes an unsere Partner und die Institutionen Gesundheit. <\/p>\n<p><\/font><\/p>\n","protected":false},"excerpt":{"rendered":"<p>SEDISA ernennt seine territoriale Delegierte im CAM Madrid, Dezember 2011 &#8211; von der spanischen Gesellschaft Gesundheit Verwaltung (SEDISA) freut sich, die Einbeziehung in die Gesellschaft des territorialen delegiert neue 2 f\u00fcr die Comunidd Aut\u00f3noma Madrid. 2 Diese Erg\u00e4nzungen durch die Ernennung von Dr. C\u00e9sar Pascual, ehemaliger Leiter der Aktivit\u00e4ten der Gesellschaft in der Gemeinschaft von [&hellip;]<\/p>\n","protected":false},"author":1,"featured_media":0,"comment_status":"close","ping_status":"open","sticky":false,"template":"","format":"standard","meta":{"footnotes":""},"categories":[3],"tags":[10357,10356,10355,10353,10354],"class_list":{"0":"post-3004","1":"post","2":"type-post","3":"status-publish","4":"format-standard","5":"hentry","6":"category-allgemeine","7":"tag-cam","9":"tag-delegierte","10":"tag-sedisa","11":"tag-territoriale","12":"et-doesnt-have-format-content","13":"et_post_format-et-post-format-standard"},"_links":{"self":[{"href":"https:\/\/www.best-dentist-dentistry.com\/de\/wp-json\/wp\/v2\/posts\/3004","targetHints":{"allow":["GET"]}}],"collection":[{"href":"https:\/\/www.best-dentist-dentistry.com\/de\/wp-json\/wp\/v2\/posts"}],"about":[{"href":"https:\/\/www.best-dentist-dentistry.com\/de\/wp-json\/wp\/v2\/types\/post"}],"author":[{"embeddable":true,"href":"https:\/\/www.best-dentist-dentistry.com\/de\/wp-json\/wp\/v2\/users\/1"}],"replies":[{"embeddable":true,"href":"https:\/\/www.best-dentist-dentistry.com\/de\/wp-json\/wp\/v2\/comments?post=3004"}],"version-history":[{"count":0,"href":"https:\/\/www.best-dentist-dentistry.com\/de\/wp-json\/wp\/v2\/posts\/3004\/revisions"}],"wp:attachment":[{"href":"https:\/\/www.best-dentist-dentistry.com\/de\/wp-json\/wp\/v2\/media?parent=3004"}],"wp:term":[{"taxonomy":"category","embeddable":true,"href":"https:\/\/www.best-dentist-dentistry.com\/de\/wp-json\/wp\/v2\/categories?post=3004"},{"taxonomy":"post_tag","embeddable":true,"href":"https:\/\/www.best-dentist-dentistry.com\/de\/wp-json\/wp\/v2\/tags?post=3004"}],"curies":[{"name":"wp","href":"https:\/\/api.w.org\/{rel}","templated":true}]}}