{"id":30095,"date":"2012-12-16T02:37:01","date_gmt":"2012-12-16T02:37:01","guid":{"rendered":null},"modified":"-0001-11-30T00:00:00","modified_gmt":"-0001-11-30T00:00:00","slug":"concentrations-in-hospitals-initiated-mobilizations-against-cuts","status":"publish","type":"post","link":"https:\/\/www.best-dentist-dentistry.com\/de\/concentrations-in-hospitals-initiated-mobilizations-against-cuts\/30095","title":{"rendered":"concentrations in hospitals initiated mobilizations against cuts"},"content":{"rendered":"<p class=\"first\"> Madrid, 10. Mai (EFE).-die Konzentrationen in den T\u00fcren von Krankenh\u00e4usern und Gesundheitszentren, einberufen von Gewerkschaften heute in allen autonomen Gemeinschaften sind der Anfang eines Kalenders von Mobilisierungen &#8220;weiterhin in Time&#8221;, die angibt sein wird, wie die &#8220;Schnitte&#8221; materialisieren sind.<\/p>\n<p>damit sie, welche Vertreter der FSS-CCOO, FSP-UGT, CEMSATSE, SATSE und CSI-F offenbart hatte, die repr\u00e4sentativsten Organisationen im Bereich der Gesundheit, bei einer Pressekonferenz in der sektoralen Tabelle haben gesch\u00e4tzt, das K\u00f6nigliche Dekret \u00fcber dringende Ma\u00dfnahmen zur Nachhaltigkeit der Gesundheitsversorgung, pr\u00fcfen, &#8220;Streifen&#8221;, die verfassungswidrig in einigen Aspekten.<\/p>\n<p>Gewerkschaften nicht ausschlie\u00dfen, Ma\u00dfnahmen zur Verhinderung des Dekrets wurde \u00fcbersetzt und Implantat, wie er, das Sekretariat, Gesundheit, soziale Dienste und Abh\u00e4ngigkeit von UGT, Pilar gewarnt hat Navarro.<\/p>\n<p>von Moment, Mobilisierungen beginnen heute mit Konzentrationen von 20 Minuten in allen \u00f6ffentlichen Krankenh\u00e4usern und Gesundheitszentren, zwischen 10.30 und 11.30 Uhr, und das zentrale Gesetz in Madrid findet um 12 nach dem Friedensschluss<\/p>\n<p>Navarro hat betont, dass sie nicht &#8220;in keiner Weise&#8221; eine Ver\u00e4nderung im Gesundheitswesen Modell unterst\u00fctzen werden &#8220;was wir gemeinsam aufgebaut haben&#8221; und &#8220;absolut&#8221; \u00e4ndert sich das Dekret.<\/p>\n<p>Generalsekret\u00e4r des Verbands der Gesundheits- und sozialen Bereichen der CCOO, Antonio Cabrera, ist gesehen worden, als die einzige M\u00f6glichkeit, die Reformen zu stoppen, dass der B\u00fcrger bewusst ist, was passiert ist.<\/p>\n<p>zwar Rechtsdienstleistungen sind studieren die m\u00f6gliche Verfassungswidrigkeit der Norm, wenn Rechtsmittel h\u00e4tte, Gewerkschaften glauben, dass es mit legalen Mitteln die Reformen stoppen schwierig<\/p>\n<p> &lt; p> &#8220;Si Los Ciudadanos kein Se Echan a la Calle Dif\u00edcilmente Se le va eine Dar la Vuelta Por Mucho Que Los Profesionales Se Movilicen&#8221;, ha Subrayado Cabrera.<\/p>\n<p>En el Mismo Sentido, la Representante de UGT ha Se\u00f1alado Que &#8220;Tenemos Que Ocupar Ahora la Calle Entre Todos&#8221;, Puesto Que las Resoluciones Judiciales Requieren Su Tiempo.<\/p>\n<p>El Presidente del Sektor de Sanidad de CSI-F, Fernando Molina, ha Incidido de Que con las Reformas kein Se van ein Lograr 7.000 Los Millones de Euro de Ahorro Que Pretende el Gobierno, Por lo Que Se Teme &#8220;M\u00e1s Recortes&#8221;.<\/p>\n<p>Molina ha Puesto de entlasten Que el Nuevo Copago de Medicamentos va a Suponer Una &#8220;Sangr\u00eda Econ\u00f3mica&#8221; Para Muchos Ciudadanos, As\u00ed Como Que la Retirada De La Tarjeta Sanitaria ein Los Inmigrantes Irregulares va eine &#8220;Masificar las Urgencias&#8221;.<\/p>\n<p>Respecto a Esta \u00daltima Medida, Los Representantes Sindicales Han Coincidido de Que Los M\u00e9dicos Garantizar\u00e1n la Asistencia Sanitaria a Todas las Personas.<\/p>\n<p> < p&gt; \"No professional will leave abandoned a sick person by far that the Royal Decree say it\", he has warned Molina.<\/p>\n<p>and not only by humanity, explained the representative of CCOO, but for issues of public health, &#8220;and that the Government knows&#8221;.<\/p>\n<p>Cabrera has reminded that the Spanish model offers more features than any other countries in the environment while spending per capita is lower.<\/p>\n<p>it pointed out that &#8220;cuts&#8221; come to influence policies of adjustments that are already being undertaken in many autonomous communities whose health budgets have fallen four years.<\/p>\n<p>this &#8220;infrafinanciacion&#8221; is going to &#8220;burst the system from the inside&#8221;, highlighted by Cabrera, who has acknowledged that the health system requires reforms &#8220;but not through cuts&rsquo;.<\/p>\n<p>for the Gewerkschaften die Ma\u00dfnahmen durch pharmazeutische Ausgaben Steuern, Investitionen in Primary Care, &#8220;bei denen langfristige Einsparungen&#8221;, und Verbesserung der organisatorischen Aspekte \u00fcbergeben.<\/p>\n<p>Grund sie immer wieder, die Regierung gefordert haben, einzuberufen, sektorale Tabelle der Gesundheit mit dem Ziel, einem Pakt zu erreichen, &#8220;ein f\u00fcr allemal&#8221; und Dan die Amtsdauer bis den 30 Juni.<\/p>\n<p>&#8220;mehr als je zuvor jetzt unbedingt dieses Forum&#8221;, bereits von.<\/p>\n","protected":false},"excerpt":{"rendered":"<p>Madrid, 10. Mai (EFE).-die Konzentrationen in den T\u00fcren von Krankenh\u00e4usern und Gesundheitszentren, einberufen von Gewerkschaften heute in allen autonomen Gemeinschaften sind der Anfang eines Kalenders von Mobilisierungen &#8220;weiterhin in Time&#8221;, die angibt sein wird, wie die &#8220;Schnitte&#8221; materialisieren sind. damit sie, welche Vertreter der FSS-CCOO, FSP-UGT, CEMSATSE, SATSE und CSI-F offenbart hatte, die repr\u00e4sentativsten Organisationen [&hellip;]<\/p>\n","protected":false},"author":1,"featured_media":0,"comment_status":"close","ping_status":"open","sticky":false,"template":"","format":"standard","meta":{"footnotes":""},"categories":[3],"tags":[],"class_list":["post-30095","post","type-post","status-publish","format-standard","hentry","category-allgemeine","et-doesnt-have-format-content","et_post_format-et-post-format-standard"],"_links":{"self":[{"href":"https:\/\/www.best-dentist-dentistry.com\/de\/wp-json\/wp\/v2\/posts\/30095","targetHints":{"allow":["GET"]}}],"collection":[{"href":"https:\/\/www.best-dentist-dentistry.com\/de\/wp-json\/wp\/v2\/posts"}],"about":[{"href":"https:\/\/www.best-dentist-dentistry.com\/de\/wp-json\/wp\/v2\/types\/post"}],"author":[{"embeddable":true,"href":"https:\/\/www.best-dentist-dentistry.com\/de\/wp-json\/wp\/v2\/users\/1"}],"replies":[{"embeddable":true,"href":"https:\/\/www.best-dentist-dentistry.com\/de\/wp-json\/wp\/v2\/comments?post=30095"}],"version-history":[{"count":0,"href":"https:\/\/www.best-dentist-dentistry.com\/de\/wp-json\/wp\/v2\/posts\/30095\/revisions"}],"wp:attachment":[{"href":"https:\/\/www.best-dentist-dentistry.com\/de\/wp-json\/wp\/v2\/media?parent=30095"}],"wp:term":[{"taxonomy":"category","embeddable":true,"href":"https:\/\/www.best-dentist-dentistry.com\/de\/wp-json\/wp\/v2\/categories?post=30095"},{"taxonomy":"post_tag","embeddable":true,"href":"https:\/\/www.best-dentist-dentistry.com\/de\/wp-json\/wp\/v2\/tags?post=30095"}],"curies":[{"name":"wp","href":"https:\/\/api.w.org\/{rel}","templated":true}]}}