{"id":30115,"date":"2012-12-16T02:40:19","date_gmt":"2012-12-16T02:40:19","guid":{"rendered":null},"modified":"-0001-11-30T00:00:00","modified_gmt":"-0001-11-30T00:00:00","slug":"parliament-approves-cuts-in-education-and-health","status":"publish","type":"post","link":"https:\/\/www.best-dentist-dentistry.com\/de\/parliament-approves-cuts-in-education-and-health\/30115","title":{"rendered":"parliament approves cuts in education and health"},"content":{"rendered":"<p class=\"first\"> MADRID (Reuters) &#8211; the Congress of Deputies approved on Thursday the Royal Decree that give free rein to the cut of 10 billion euros in education and health, two traditionally protected areas in Spain, which has led to numerous protests and demonstrations.<\/p>\n<p>health must save 7 billion and education 3,000 million and to achieve this will be introduced some kind of co-payment on prescription drugs, will increase the number of students per class in the schools and college tuition will rise [ID: nL6E8FJE07], the measures more marked reform.<\/p>\n<p>&#8220;Is with this decree promoting an unprecedented setback, you sail between the middle ages and a return to the Francoist model, selective and aimed at the elite education,&#8221; said the Congresswoman&rsquo;s left United charity Garcia to the Minister of education, culture and sport, Jos\u00e9 Ignacio Wert, in Parliament.<\/p>\n<p>these Reformas no Cuentan Con Apenas Respaldo Entre Los Partidos Pol\u00edticos Presentes de el Congreso de Los Diputados, Donde el PP Disfruta de Una Mayor\u00eda Naturreservat 186 de Diputados. ningun Otro Grupo Dio Su Apoyo a Las Medidas, Aprobadas Por 178 Stimmen eine Gunst 137 y En Contra.<\/p>\n<p>&#8220;Su Lema Se\u00f1or Ministro Nein es Otro Que, Ante la Krise, al Menos Que Se Salven Los Nuestros&#8221;, Dijo Joan Tarda, de ERC, En el Debatte Sobre el Real Decreto Ley de Educaci\u00f3n.<\/p>\n<p>&#8220;Mientras ha Habido Crecimiento keine le Importaba Que le Hijo De La T\u00fcr Estudiara (&#8230;) Pero Cuando Aprieta la Competencia, Cuando Arrecia la Krise, Se Protegen. Entonces Heu Que Garantizar Que el poco Pastell va eine Ser Para Los de Siempre, Para Los Hijos de Los Ricos, keine Para Los Hijos De La T\u00fcr&#8221;, A\u00f1adi\u00f3.<\/p>\n<p>Anunci\u00f3 El Gobierno a Principios de Abril Este Nuevo Recorte Adicional Como Respuesta ein Las Presiones de Los Mercados Financieros Para Reducir el Fehlbetrag P\u00fablico de Espa\u00f1a.<\/p>\n<p>              Die Europ\u00e4ische Union hat ein Ziel von 3 % Defizit f\u00fcr den Zeitraum 2013 bis Spanien derzeit, Defizit des Landes liegt \u00fcber 8 Prozent.<\/p>\n<p>PP Executive argumentierte, dass die Ma\u00dfnahme notwendig zur Sicherstellung der Nachhaltigkeit der Bildung ist und Gesundheit \u00d6ffentlichkeit. einzige Schulden in H\u00f6he von 15 Milliarden Euro mit dem Provider sammelt.<\/p>\n<p>Gemeinschaften, verantwortlich f\u00fcr die Kontrolle der Ausgaben f\u00fcr Gesundheit und Bildung, waren die Hauptschuldigen Abzweigungen von Spanisch in 2012 Defizit richtet sich an und sind neben den angeschlagenen Finanzsektor, einer der Hauptgr\u00fcnde f\u00fcr das Misstrauen der Anleger gegen\u00fcber Spanien.<\/p>\n<p>Spanier Tausende gingen auf die Stra\u00dfe am 29. April, einen Monat nach dem Generalstreik gegen Reform der Arbeit, die die Entlassung, Protest gegen die K\u00fcrzungen im Gesundheits- und Bildungswesen, als die S\u00e4ulen des Wohlfahrtsstaates senkt der 29-m.<\/p>\n<p>              Auf 22 gibt es kann einberufen ein Streiks im \u00f6ffentlichen Bildungswesen gegen die K\u00fcrzungen.<\/p>\n<p>Prominente, wie der ehemalige Generaldirektor der UNESCO, Federico Mayor Zaragoza, Operns\u00e4ngerin Teresa Berganza, der Regisseur und Autor David Trueba oder Santos Juli\u00e1, Staatspreis f\u00fcr Geschichte, Teilnahme an einer Kampagne, die heute von der Website &#8220;Yoestudieenlaescuelapublica&#8221; ins Leben gerufen.<\/p>\n<p>die spanische Regierung derzeit weitere finanzielle Umstrukturierung zum Bereinigen des gemauerten Bankensystems Spanisch innerhalb eines gro\u00dfen nationalen Programms der Reformen.<\/p>\n<p>Spanien nur noch in der zweiten Rezession seit drei Jahren und es ist das Epizentrum der Schuldenkrise der Euro-Zone geworden.<\/p>\n","protected":false},"excerpt":{"rendered":"<p>MADRID (Reuters) &#8211; the Congress of Deputies approved on Thursday the Royal Decree that give free rein to the cut of 10 billion euros in education and health, two traditionally protected areas in Spain, which has led to numerous protests and demonstrations. health must save 7 billion and education 3,000 million and to achieve this [&hellip;]<\/p>\n","protected":false},"author":1,"featured_media":0,"comment_status":"close","ping_status":"open","sticky":false,"template":"","format":"standard","meta":{"footnotes":""},"categories":[3],"tags":[],"class_list":["post-30115","post","type-post","status-publish","format-standard","hentry","category-allgemeine","et-doesnt-have-format-content","et_post_format-et-post-format-standard"],"_links":{"self":[{"href":"https:\/\/www.best-dentist-dentistry.com\/de\/wp-json\/wp\/v2\/posts\/30115","targetHints":{"allow":["GET"]}}],"collection":[{"href":"https:\/\/www.best-dentist-dentistry.com\/de\/wp-json\/wp\/v2\/posts"}],"about":[{"href":"https:\/\/www.best-dentist-dentistry.com\/de\/wp-json\/wp\/v2\/types\/post"}],"author":[{"embeddable":true,"href":"https:\/\/www.best-dentist-dentistry.com\/de\/wp-json\/wp\/v2\/users\/1"}],"replies":[{"embeddable":true,"href":"https:\/\/www.best-dentist-dentistry.com\/de\/wp-json\/wp\/v2\/comments?post=30115"}],"version-history":[{"count":0,"href":"https:\/\/www.best-dentist-dentistry.com\/de\/wp-json\/wp\/v2\/posts\/30115\/revisions"}],"wp:attachment":[{"href":"https:\/\/www.best-dentist-dentistry.com\/de\/wp-json\/wp\/v2\/media?parent=30115"}],"wp:term":[{"taxonomy":"category","embeddable":true,"href":"https:\/\/www.best-dentist-dentistry.com\/de\/wp-json\/wp\/v2\/categories?post=30115"},{"taxonomy":"post_tag","embeddable":true,"href":"https:\/\/www.best-dentist-dentistry.com\/de\/wp-json\/wp\/v2\/tags?post=30115"}],"curies":[{"name":"wp","href":"https:\/\/api.w.org\/{rel}","templated":true}]}}