{"id":30217,"date":"2012-12-16T03:38:00","date_gmt":"2012-12-16T03:38:00","guid":{"rendered":null},"modified":"-0001-11-30T00:00:00","modified_gmt":"-0001-11-30T00:00:00","slug":"salvadorans-sympathize-with-affected-and-ask-for-improved-combat-aids","status":"publish","type":"post","link":"https:\/\/www.best-dentist-dentistry.com\/de\/salvadorans-sympathize-with-affected-and-ask-for-improved-combat-aids\/30217","title":{"rendered":"Salvadorianer sympathisieren mit betroffenen und bitten um verbesserte Bek\u00e4mpfung von AIDS"},"content":{"rendered":"<p class=\"first\"> san Salvador, 30 nov (EFE).-dozens of Salvadorans today sympathized on a traditional hike with the carriers of the AIDS virus and called for improving the strategy against the disease, which carries more than 29,000 cases since 1984 and at least 119 dead this year in El Salvador.<\/p>\n<p>within the framework of the commemoration of the world day of the response to the AIDS epidemic, which takes place tomorrow, dozens of Salvadorans participated this Friday in &#8220;XIV solidarity with torches walk&#8221; in support of the population carrier of human immunodeficiency virus (HIV) in this country centroamericano.<\/p>\n<p>the Ministry of health (MINSAL) Salvadoran recorded &#8220;29.083 cases of HIV\/AIDS&#8221; since 1984 to November 15 this year, today confirmed to Efe a spokesman for that entity, Claudia Sol\u00f3rzano, who said not many deaths has caused disease in that period.<\/p>\n<p>the Spaziergang, die einige der wichtigsten Stra\u00dfen von San Salvador tourte, war organisiert von der Association Atlacat Leben positiv.<\/p>\n<p>&#8220;getan haben wieder ist zu Fu\u00df, mit dem Ziel, mehr Menschen an diesen Bem\u00fchungen, die auf nationaler Ebene mit dem Ziel der Beseitigung der Stigmatisierung und Diskriminierung ist&#8221; gegen\u00fcber Menschen HIV-Tr\u00e4ger, EfE sagte der Direktor des Verbandes Atlacat, Odir Miranda.<\/p>\n<p>Spaziergang mit dem AIDS-Virus symbolisiert &#8220;die begleitende Bev\u00f6lkerung gibt es f\u00fcr Menschen, die Leben&#8221;, &#8220;ist eine Krankheit wie jede andere, die die Bev\u00f6lkerung beginnt zu sehen, wie gewohnt&#8221;, f\u00fcgte.<\/p>\n<p>anerkannt, dass, obwohl Fortschritte bei der Reduzierung der Stigmatisierung und Diskriminierung von dieser Krankheit, &#8220;viel Arbeit ist notwendig&#8221;, da in manchen Firmen beseitigen Gesundheitszentren und anderen Orten noch geben.<\/p>\n<p> &lt; p> Tambi\u00e9n Este A\u00f1o, la Asociaci\u00f3n Atlacat Realiz\u00f3 la &#8220;Primera Campa\u00f1a de Lazo Rojo&#8221;, la cual Involucr\u00f3 ein Diferentes Entidades del Sector P\u00fablico y Privado.<\/p>\n<p>Seg\u00fan Miranda, Desde Que Se Inici\u00f3 Esa Campa\u00f1a, el Pasado 1 de Noviembre, Se Han Distribuido 22.300 Listones, lo cual Destac\u00f3 Como un Avance, ya Que Antes Muchas Personas Rehu\u00edan Ponerse un List\u00f3n Rojo de Apoyo a Los Portadores de VIH.<\/p>\n<p>Entre Febrero y el 15 de Noviembre de Este A\u00f1o, el MINSAL Registr\u00f3 Una Reducci\u00f3n de Los Contagios Con el VIH En Este Pa\u00eds Centroamericano.<\/p>\n<p>&#8220;Los Casos Nuevos de VIH En 2012, Hasta el 15 de Noviembre, Sohn 1.317, Mientras Que de el Mismo Per\u00edodo del A\u00f1o Pasado Se Registraron 1.506&#8221; Detall\u00f3 la Portavoz de Salud a Efe.<\/p>\n<p>Indic\u00f3 Que Este A\u00f1o, Hasta el 15 de Noviembre, Han Muerto 119 Personas Consecuencia del Sida, Etapa final del VIH, 155 Menos Que Los 274 Fallecidos el A\u00f1o Pasado Durante el Mismo Lapso.<\/p>\n<p>La Das Programm national de STI\/HIV\/AIDS von MINSAL, Isabel Nieto, sagte El Diario de Hoy ver\u00f6ffentlicht am Freitag, sagte die nationalen Krankheitsinzidenz betr\u00e4gt 27 Einwohner pro pro 100.000 Einwohner.<\/p>\n<p>f\u00fcgte hinzu, dass die Tagesmittelwerte der neuen F\u00e4lle dieser Krankheit zwischen f\u00fcnf und sechs in der Vergangenheit war drei Jahre, und dass in diesem Jahr wurde bis auf vier, obwohl er klargestellt, dass dies ist immer noch &#8220;besorgniserregend&#8221;.<\/p>\n<p>trotz dieser Fortschritte, namens Miranda die Regierungsbeh\u00f6rden st\u00e4rker einbezogen werden und verbessern die Strategie &#8220;um die wenigen Ressourcen, die in dem Land gez\u00e4hlt werden zu optimieren&#8221; zur Behandlung dieser Krankheit und Pr\u00e4vention it. EFE<\/p>\n<p>mmf\/Lam\/Lbb\/Essen<\/p>\n","protected":false},"excerpt":{"rendered":"<p>san Salvador, 30 nov (EFE).-dozens of Salvadorans today sympathized on a traditional hike with the carriers of the AIDS virus and called for improving the strategy against the disease, which carries more than 29,000 cases since 1984 and at least 119 dead this year in El Salvador. within the framework of the commemoration of the [&hellip;]<\/p>\n","protected":false},"author":1,"featured_media":0,"comment_status":"close","ping_status":"open","sticky":false,"template":"","format":"standard","meta":{"footnotes":""},"categories":[3],"tags":[40587,40588],"class_list":["post-30217","post","type-post","status-publish","format-standard","hentry","category-allgemeine","tag-salvadorianer","tag-sympathisieren","et-doesnt-have-format-content","et_post_format-et-post-format-standard"],"_links":{"self":[{"href":"https:\/\/www.best-dentist-dentistry.com\/de\/wp-json\/wp\/v2\/posts\/30217","targetHints":{"allow":["GET"]}}],"collection":[{"href":"https:\/\/www.best-dentist-dentistry.com\/de\/wp-json\/wp\/v2\/posts"}],"about":[{"href":"https:\/\/www.best-dentist-dentistry.com\/de\/wp-json\/wp\/v2\/types\/post"}],"author":[{"embeddable":true,"href":"https:\/\/www.best-dentist-dentistry.com\/de\/wp-json\/wp\/v2\/users\/1"}],"replies":[{"embeddable":true,"href":"https:\/\/www.best-dentist-dentistry.com\/de\/wp-json\/wp\/v2\/comments?post=30217"}],"version-history":[{"count":0,"href":"https:\/\/www.best-dentist-dentistry.com\/de\/wp-json\/wp\/v2\/posts\/30217\/revisions"}],"wp:attachment":[{"href":"https:\/\/www.best-dentist-dentistry.com\/de\/wp-json\/wp\/v2\/media?parent=30217"}],"wp:term":[{"taxonomy":"category","embeddable":true,"href":"https:\/\/www.best-dentist-dentistry.com\/de\/wp-json\/wp\/v2\/categories?post=30217"},{"taxonomy":"post_tag","embeddable":true,"href":"https:\/\/www.best-dentist-dentistry.com\/de\/wp-json\/wp\/v2\/tags?post=30217"}],"curies":[{"name":"wp","href":"https:\/\/api.w.org\/{rel}","templated":true}]}}