{"id":30227,"date":"2012-12-16T03:40:04","date_gmt":"2012-12-16T03:40:04","guid":{"rendered":null},"modified":"-0001-11-30T00:00:00","modified_gmt":"-0001-11-30T00:00:00","slug":"Der-Streik-im-ganzen-die-Volksgesundheit-Madrid-lebt-heute-seinen-letzten-Tag","status":"publish","type":"post","link":"https:\/\/www.best-dentist-dentistry.com\/de\/Der-Streik-im-ganzen-die-Volksgesundheit-Madrid-lebt-heute-seinen-letzten-Tag\/30227","title":{"rendered":"Der Streik im ganzen die Volksgesundheit Madrid lebt heute seinen letzten Tag"},"content":{"rendered":"<p class=\"first\"> Madrid, 5 Dez (EFE).-insgesamt 75.000 und nicht-Gesundheit hei\u00dfen heute der letzte Tag des Streiks f\u00fcr 48 Stunden f\u00fcr die gesamte Madrid, \u00f6ffentliche Gesundheit, das deckt sich mit dem siebten Tag der Arbeitslosigkeit von Spezialisten, die von der Union AFEM. einberufene unbestimmte<\/p>\n<p>der Streik heute geschlossen der zweiten Phase der Arbeitsniederlegungen im gesamten Bereich der \u00f6ffentlichen Gesundheit Madrid nach der gefeierten Tage 26 und 27 der letzten Woche, fordern die R\u00fccknahme der Ma\u00dfnahmen des Plans f\u00fcr die Nachhaltigkeit des Gesundheitssystems die Regierung.<\/p>\n","protected":false},"excerpt":{"rendered":"<p>Madrid, 5 Dez (EFE).-insgesamt 75.000 und nicht-Gesundheit hei\u00dfen heute der letzte Tag des Streiks f\u00fcr 48 Stunden f\u00fcr die gesamte Madrid, \u00f6ffentliche Gesundheit, das deckt sich mit dem siebten Tag der Arbeitslosigkeit von Spezialisten, die von der Union AFEM. einberufene unbestimmte der Streik heute geschlossen der zweiten Phase der Arbeitsniederlegungen im gesamten Bereich der \u00f6ffentlichen [&hellip;]<\/p>\n","protected":false},"author":1,"featured_media":0,"comment_status":"close","ping_status":"open","sticky":false,"template":"","format":"standard","meta":{"footnotes":""},"categories":[3],"tags":[40597],"class_list":["post-30227","post","type-post","status-publish","format-standard","hentry","category-allgemeine","tag-tracking","et-doesnt-have-format-content","et_post_format-et-post-format-standard"],"_links":{"self":[{"href":"https:\/\/www.best-dentist-dentistry.com\/de\/wp-json\/wp\/v2\/posts\/30227","targetHints":{"allow":["GET"]}}],"collection":[{"href":"https:\/\/www.best-dentist-dentistry.com\/de\/wp-json\/wp\/v2\/posts"}],"about":[{"href":"https:\/\/www.best-dentist-dentistry.com\/de\/wp-json\/wp\/v2\/types\/post"}],"author":[{"embeddable":true,"href":"https:\/\/www.best-dentist-dentistry.com\/de\/wp-json\/wp\/v2\/users\/1"}],"replies":[{"embeddable":true,"href":"https:\/\/www.best-dentist-dentistry.com\/de\/wp-json\/wp\/v2\/comments?post=30227"}],"version-history":[{"count":0,"href":"https:\/\/www.best-dentist-dentistry.com\/de\/wp-json\/wp\/v2\/posts\/30227\/revisions"}],"wp:attachment":[{"href":"https:\/\/www.best-dentist-dentistry.com\/de\/wp-json\/wp\/v2\/media?parent=30227"}],"wp:term":[{"taxonomy":"category","embeddable":true,"href":"https:\/\/www.best-dentist-dentistry.com\/de\/wp-json\/wp\/v2\/categories?post=30227"},{"taxonomy":"post_tag","embeddable":true,"href":"https:\/\/www.best-dentist-dentistry.com\/de\/wp-json\/wp\/v2\/tags?post=30227"}],"curies":[{"name":"wp","href":"https:\/\/api.w.org\/{rel}","templated":true}]}}