{"id":30244,"date":"2012-12-17T02:28:08","date_gmt":"2012-12-17T02:28:08","guid":{"rendered":null},"modified":"-0001-11-30T00:00:00","modified_gmt":"-0001-11-30T00:00:00","slug":"lula-returned-to-political-activity-after-cancer-treatment","status":"publish","type":"post","link":"https:\/\/www.best-dentist-dentistry.com\/de\/lula-returned-to-political-activity-after-cancer-treatment\/30244","title":{"rendered":"lula returned to political activity after cancer treatment"},"content":{"rendered":"<p class=\"first\"> Sao Paulo, 14 Apr (EFE).-ehemalige brasilianische Pr\u00e4sident Luiz In\u00e1cio Lula da Silva heute wieder mehr politische Aktivit\u00e4t nach dem Ende des letzten Monats eine Behandlung gegen Krebs des Kehlkopfes und seine Fort erschien \u00f6ffentlich w\u00e4hrend der Einweihung einer technischen Schule in Sao Bernardo Campo, Politiker.<\/p>\n<p>Lula bejubelt wurde, w\u00e4hrend der Zeremonie von Hunderten von Menschen, die an der Einweihung der Schule beteiligt, der den Namen Regina Rocco, eine Hommage an die Schwiegermutter von Exmandatario tr\u00e4gt wird.<\/p>\n<p>die Einweihung beteiligt, unter anderem der Ministerin f\u00fcr Kultur, Ana de Hollanda; die Exministra des Tourismus und Senator Marta Suplicy; der ehemalige Arbeitsminister und B\u00fcrgermeister von S\u00e3o Bernardo do Campo, Luiz Marinho; und der ehemalige Minister f\u00fcr Bildung und Anw\u00e4rter f\u00fcr B\u00fcrgermeister von Sao Paulo, Fernando Hadad, unterst\u00fctzt von Lula.<\/p>\n<p>S\u00e3o Bernardo Campo, einem industriellen Gemeinde im metropolitan S\u00e3o Paulo, war die Wiege des Vereins und politischen Lula am Ende der 1970er Jahre und der ehemalige Pr\u00e4sident und seine Familie befinden sich in dieser Stadt.<\/p>\n<p>Exgobernante, 66 Jahre ausgebrochen sein \u00f6ffentliches Leben unterziehen Behandlung mit Chemotherapie und Bestrahlung Therapie zur Krebsbek\u00e4mpfung, die diagnostiziert wurde, im Oktober des vergangenen Jahres.<\/p>\n<p>am 28. M\u00e4rz, die \u00c4rzte im Hospital Sirio Lebanese S\u00e3o Paulo angek\u00fcndigt hatte, dass drei Zentimeter Tumor vollst\u00e4ndig verschwunden.<\/p>\n","protected":false},"excerpt":{"rendered":"<p>Sao Paulo, 14 Apr (EFE).-ehemalige brasilianische Pr\u00e4sident Luiz In\u00e1cio Lula da Silva heute wieder mehr politische Aktivit\u00e4t nach dem Ende des letzten Monats eine Behandlung gegen Krebs des Kehlkopfes und seine Fort erschien \u00f6ffentlich w\u00e4hrend der Einweihung einer technischen Schule in Sao Bernardo Campo, Politiker. Lula bejubelt wurde, w\u00e4hrend der Zeremonie von Hunderten von Menschen, [&hellip;]<\/p>\n","protected":false},"author":1,"featured_media":0,"comment_status":"close","ping_status":"open","sticky":false,"template":"","format":"standard","meta":{"footnotes":""},"categories":[3],"tags":[],"class_list":["post-30244","post","type-post","status-publish","format-standard","hentry","category-allgemeine","et-doesnt-have-format-content","et_post_format-et-post-format-standard"],"_links":{"self":[{"href":"https:\/\/www.best-dentist-dentistry.com\/de\/wp-json\/wp\/v2\/posts\/30244","targetHints":{"allow":["GET"]}}],"collection":[{"href":"https:\/\/www.best-dentist-dentistry.com\/de\/wp-json\/wp\/v2\/posts"}],"about":[{"href":"https:\/\/www.best-dentist-dentistry.com\/de\/wp-json\/wp\/v2\/types\/post"}],"author":[{"embeddable":true,"href":"https:\/\/www.best-dentist-dentistry.com\/de\/wp-json\/wp\/v2\/users\/1"}],"replies":[{"embeddable":true,"href":"https:\/\/www.best-dentist-dentistry.com\/de\/wp-json\/wp\/v2\/comments?post=30244"}],"version-history":[{"count":0,"href":"https:\/\/www.best-dentist-dentistry.com\/de\/wp-json\/wp\/v2\/posts\/30244\/revisions"}],"wp:attachment":[{"href":"https:\/\/www.best-dentist-dentistry.com\/de\/wp-json\/wp\/v2\/media?parent=30244"}],"wp:term":[{"taxonomy":"category","embeddable":true,"href":"https:\/\/www.best-dentist-dentistry.com\/de\/wp-json\/wp\/v2\/categories?post=30244"},{"taxonomy":"post_tag","embeddable":true,"href":"https:\/\/www.best-dentist-dentistry.com\/de\/wp-json\/wp\/v2\/tags?post=30244"}],"curies":[{"name":"wp","href":"https:\/\/api.w.org\/{rel}","templated":true}]}}