{"id":30276,"date":"2012-12-17T02:37:49","date_gmt":"2012-12-17T02:37:49","guid":{"rendered":null},"modified":"-0001-11-30T00:00:00","modified_gmt":"-0001-11-30T00:00:00","slug":"andalusian-board-requests-the-government-to-reconsider-the-health-decree-and-guarantee-attention-to-all-persons","status":"publish","type":"post","link":"https:\/\/www.best-dentist-dentistry.com\/de\/andalusian-board-requests-the-government-to-reconsider-the-health-decree-and-guarantee-attention-to-all-persons\/30276","title":{"rendered":"andalusian board requests the government to reconsider the health decree and guarantee attention to all persons"},"content":{"rendered":"<p class=\"first\"> SEVILLA, 17 (EUROPA PRESS)<\/p>\n<p>La Junta de Andaluc\u00eda umgezogen am Donnerstag an die Regierung ihre Haltung der Zusammenarbeit bei der Suche nach L\u00f6sungen f\u00fcr das Gesundheitswesen zu der Zeit, die Sie angefordert, um im Royal Legislativdekretes Sofortma\u00dfnahmen zur Sicherstellung der Nachhaltigkeit des nationalen Gesundheitssystems (SNS) &#8220;Gew\u00e4hrleistung&#8221; Gesundheitsversorgung dargelegten Ma\u00dfnahmen zu \u00fcberdenken, f\u00fcr alle Personen mit Wohnsitz in diesem Land.<\/p>\n<p>so dass es der Generaldirektor einer Koordination des Vorstands, Roc\u00edo Palacios, der wandernden verteidigt hat, vertreten hat, zusammen mit Murcia, Autonome Regionen auf dem Forum f\u00fcr die soziale Integration von Immigranten, gehalten am Donnerstag dieser Woche des Generalsekretariats f\u00fcr Einwanderung und Auswanderung, unter dem Ministerium f\u00fcr Arbeit und soziale Sicherheit, wo sie integrierte Verwaltungen sind, Organisationen und Agenten, die arbeiten, die Welt der Migration.<\/p>\n<p>von Auf diese Weise Palacios erkl\u00e4rte Europa Press dieses Ereignis den Inhalt der erl\u00e4utert Royal Legislativdekretes sanit\u00e4re Ma\u00dfnahmen parallel heute ist die Abstimmung im Kongress der Abgeordnetenkammer. so hingewiesen w\u00e4hrend der intensiven Debatte Mitglieder des Forums haben den Regierungssitz &#8220;sei&#8221; das K\u00f6nigliche Dekret Gesetz diskutieren, wenn Anh\u00f6rung vor das Forum des Textes als das Warenzeichen Statuten. gegeben haben<\/p>\n<p>in diesem Sinne hat daran erinnert, dass &#8220;Wenn es gibt eine \u00c4nderung oder Erlass einer Norm durch den Staat, die die soziale Integration von Menschen betrifft, dies muss zur Pr\u00fcfung durch das Forum eingereicht werden und ist in diesem Fall nicht geschehen&#8221;. nach Palacios, hat die Regierung von &#8220;die Dringlichkeit der Ma\u00dfnahmen&#8221; entschuldigt wurden.<\/p>\n<p>in der Aussprache, Palacios hat die Position der Regierung verteidigt Andalusische in Zusammenarbeit mit der zentralen Exekutive und zur gleichen Zeit, &#8220;Ablehnung&#8221; des Dekrets, weil nach seiner Auffassung &#8220;der einzige R\u00fcckzug der Rechte des Gesundheitswesens Personen Immigranten in einer irregul\u00e4ren Situation gef\u00e4hrdet nicht nur Ihre Gesundheit, sondern auch der Bev\u00f6lkerung im Allgemeinen setzt&#8221;.<\/p>\n<p>Formel juristische Aufmerksamkeit in Andalusien<\/p>\n<p>in dieser Zeile hat die Palacios darauf bestanden, dass Andalusien, zusammen mit anderen Gemeinschaften wie die Kanarischen Inseln, Navarra, Katalonien und Baskenland, &#8220;studieren, Kompetenz im Rahmen der Gemeinschaften, die juristische Formel um zu sehen, dass irregul\u00e4ren Migranten Ma\u00dfnahme, dass Gesundheit Hilfe bieten kann&#8221;.<\/p>\n<p>daher hat Vertreter von Andalusien und andere Gemeinschaften forderte die Regierung auf &#8220;\u00fcberdenken&#8221; seine Position und haben &#8220;Sie eher die Hand,&#8221; Formeln zu suchen, die gew\u00e4hrleisten die gute Verwaltung des SNS, sondern auch &#8220;Lieferung&#8221; Gesundheit f\u00fcr alle Personen mit Wohnsitz in einem Land.<\/p>\n<p>auf der anderen Seite Roc\u00edo Palacios hat darauf hingewiesen, dass ein Bericht \u00fcber die Situation der ausl\u00e4ndischen Bev\u00f6lkerung, &#8220;das Ministerium f\u00fcr Arbeit und soziale Sicherheit nicht zustimmen, weil es einen Abschnitt \u00fcber die Gesundheit dieser Gruppe, die erfasst werden, die ansprechen w\u00fcrde enthalten, die die Ma\u00dfnahmen des K\u00f6niglichen Dekrets \u00fcberdenkt,&#8221; auch bei der Entwicklung des Forums wurde genehmigt.<\/p>\n<p>ebenso das Forum, eine Stelle f\u00fcr Beratung, Information und Beratung im Bereich der Integration von Zuwanderern ist an das Ministerium f\u00fcr Besch\u00e4ftigung und soziale Sicherheit durch das Generalsekretariat f\u00fcr Einwanderung und Auswanderung, angeschlossen hat beschlossen, die einen au\u00dfergew\u00f6hnlichen Aufruf an die eigentliche Adresse durchf\u00fchren Dekret, da laut Palacios, die Sitzung am Donnerstag dieser Woche &#8220;beschr\u00e4nkt und die Befugnisse des Forums, schr\u00e4nkt da es gehabt hat, das Dekret zu analysieren, w\u00e4hrend sie im Kongress genehmigt&#8221;.<\/p>\n<p>auf der anderen Seite der Generaldirektor einer Koordination der wandernden der Junta hat darauf bestanden, dass Andalusien &#8220;Kampf seit Zust\u00e4ndigkeitsbereich, um jede Person mit Wohnsitz in der Gemeinschaft Gesundheitsversorgung sicherzustellen&#8221; und erinnerte daran, dass die Position der andalusischen Beh\u00f6rden &#8220;ausgestreckte Hand&#8221; nach L\u00f6sungen suchen, die profitieren SNS und den Menschen.<\/p>\n<p>schlie\u00dflich hat er sein Vertrauen gezeigt, dass &#8220;wird erneut&#8221; getroffenen Ma\u00dfnahmen und f\u00fcr &#8220;ein Abkommen mit politischen Gruppen und Vertreter der Zivilgesellschaft,&#8221; zu schauen, wie es in einem Staat wie dieses Problems notwendig ist.    <\/p>\n","protected":false},"excerpt":{"rendered":"<p>SEVILLA, 17 (EUROPA PRESS) La Junta de Andaluc\u00eda umgezogen am Donnerstag an die Regierung ihre Haltung der Zusammenarbeit bei der Suche nach L\u00f6sungen f\u00fcr das Gesundheitswesen zu der Zeit, die Sie angefordert, um im Royal Legislativdekretes Sofortma\u00dfnahmen zur Sicherstellung der Nachhaltigkeit des nationalen Gesundheitssystems (SNS) &#8220;Gew\u00e4hrleistung&#8221; Gesundheitsversorgung dargelegten Ma\u00dfnahmen zu \u00fcberdenken, f\u00fcr alle Personen mit [&hellip;]<\/p>\n","protected":false},"author":1,"featured_media":0,"comment_status":"close","ping_status":"open","sticky":false,"template":"","format":"standard","meta":{"footnotes":""},"categories":[3],"tags":[],"class_list":["post-30276","post","type-post","status-publish","format-standard","hentry","category-allgemeine","et-doesnt-have-format-content","et_post_format-et-post-format-standard"],"_links":{"self":[{"href":"https:\/\/www.best-dentist-dentistry.com\/de\/wp-json\/wp\/v2\/posts\/30276","targetHints":{"allow":["GET"]}}],"collection":[{"href":"https:\/\/www.best-dentist-dentistry.com\/de\/wp-json\/wp\/v2\/posts"}],"about":[{"href":"https:\/\/www.best-dentist-dentistry.com\/de\/wp-json\/wp\/v2\/types\/post"}],"author":[{"embeddable":true,"href":"https:\/\/www.best-dentist-dentistry.com\/de\/wp-json\/wp\/v2\/users\/1"}],"replies":[{"embeddable":true,"href":"https:\/\/www.best-dentist-dentistry.com\/de\/wp-json\/wp\/v2\/comments?post=30276"}],"version-history":[{"count":0,"href":"https:\/\/www.best-dentist-dentistry.com\/de\/wp-json\/wp\/v2\/posts\/30276\/revisions"}],"wp:attachment":[{"href":"https:\/\/www.best-dentist-dentistry.com\/de\/wp-json\/wp\/v2\/media?parent=30276"}],"wp:term":[{"taxonomy":"category","embeddable":true,"href":"https:\/\/www.best-dentist-dentistry.com\/de\/wp-json\/wp\/v2\/categories?post=30276"},{"taxonomy":"post_tag","embeddable":true,"href":"https:\/\/www.best-dentist-dentistry.com\/de\/wp-json\/wp\/v2\/tags?post=30276"}],"curies":[{"name":"wp","href":"https:\/\/api.w.org\/{rel}","templated":true}]}}