{"id":3055,"date":"2011-12-30T18:07:49","date_gmt":"2011-12-30T18:07:49","guid":{"rendered":null},"modified":"-0001-11-30T00:00:00","modified_gmt":"-0001-11-30T00:00:00","slug":"the-social-council-of-the-university-of-granada-rewards-to-the-centre-of-san-rafael-in-the-category-of-institutions-active-in-the-social-sphere-or-good-social-practices","status":"publish","type":"post","link":"https:\/\/www.best-dentist-dentistry.com\/de\/the-social-council-of-the-university-of-granada-rewards-to-the-centre-of-san-rafael-in-the-category-of-institutions-active-in-the-social-sphere-or-good-social-practices\/3055","title":{"rendered":"Der Sozialrat der Universit\u00e4t Granada Belohnungen zu Centre von San Rafael in der Kategorie der Institutionen im sozialen Bereich oder gute soziale Praktiken."},"content":{"rendered":"<p><strong>The Rat Social an der Universidad de Granada belohnt die Centre von San Rafael in die Kategorie der Institutionen im sozialen Bereich aktiv bzw. von guten praktischen sozialen <\/p>\n<p><\/strong><font size=\"2\"> <strong>die Preisverleihung soll Ende des ersten Quartals des Jahres 2012.<\/strong> <\/p>\n<p><strong>Spanien, 2011-Dezember<\/strong> Sozialrat der Universit\u00e4t von Granada, in seiner Plenarsitzung vom 22 Dezember vereinbart erteilen dem Award in der Kategorie der Unternehmen, Institutionen und sozialen Organisationen, die vor allem definierten Leistungen im sozialen Umfeld oder gute soziale Praktiken, rufen Sie 2011, der San Rafael Granada entfernt, geh\u00f6ren die<\/font> <font   size=\"2\"> des St. John of God Hospitalischer Orden<\/font> <font   size=\"2\">. <\/p>\n<p>So es wird berichtet, der Pr\u00e4sident des Rates f\u00fcr soziale der Universit\u00e4t Granada, Gregorio Vicente Jim\u00e9nez L\u00f3pez, der Gesch\u00e4ftsf\u00fchrer des Zentrums, Jos\u00e9 Luis Salcedo Lagull\u00f3n, wo auch ausgedr\u00fcckt wird, dass der Anruf ein hohes Ma\u00df an Qualit\u00e4t in die Nominierungen genossen hat. <\/p>\n<p>Das Ziel dieses Preises ist es, erkennen Unternehmen, Institutionen und sozialen Organisationen, die sich \u00fcber bew\u00e4hrte Verfahren in Bereichen besondere soziale Sensibilit\u00e4t als Abheben der soziale Verantwortung, Umwelt, Sicherheit am Arbeitsplatz, etc., all diese versuchen, auf solche Fragen, k\u00f6nnen sie die Forschungsgruppen der Universit\u00e4t Granada und Ber\u00fccksichtigung im Rahmen ihrer strategischen Plan beeinflussen. <\/p>\n<p>Diese Auszeichnungen werden j\u00e4hrlich und ehrenamtlich in der Natur. Dieser Preis wird von der Plenarsitzung des Rates f\u00fcr soziale, zum Zwecke der Bewertung spezifische Vorschlag der Kommission vergeben. Die Preisverleihung ist f\u00fcr Ende des ersten Quartals des Jahres 2012, ein Akt, der jedes Jahr symbolisiert, was die Institution darstellt, wird aber Br\u00fccke zwischen der akademischen Gemeinschaft und Granada Gesellschaft geplant. <\/p>\n<p>Zentrum care San Rafael geh\u00f6ren Hospitalischer Orden St. John von Gott, das mit 500 Jahren Geschichte, vorhanden in f\u00fcnf Kontinenten der Welt verschiedene soziale Projekte durchzuf\u00fchren ist, Teilnahme an verschiedenen Interventionsbereiche von chirurgischen medizinische Kliniken, f\u00fcr Behindertepsychische Gesundheit, soziale Ausgrenzung und die umfassende Betreuung f\u00fcr \u00e4ltere Menschen. Immer auf dem neuesten Stand an neue Bed\u00fcrfnisse und Anforderungen, wird die Gastfreundschaft der Hauptwert und konzentrierte sich auf die w\u00fcrde der Personen, die die Arbeit in den Zentren die Hospitaller Reihenfolge. <\/p>\n<p><\/font><\/p>\n","protected":false},"excerpt":{"rendered":"<p>The Rat Social an der Universidad de Granada belohnt die Centre von San Rafael in die Kategorie der Institutionen im sozialen Bereich aktiv bzw. von guten praktischen sozialen die Preisverleihung soll Ende des ersten Quartals des Jahres 2012. Spanien, 2011-Dezember Sozialrat der Universit\u00e4t von Granada, in seiner Plenarsitzung vom 22 Dezember vereinbart erteilen dem Award [&hellip;]<\/p>\n","protected":false},"author":1,"featured_media":0,"comment_status":"close","ping_status":"open","sticky":false,"template":"","format":"standard","meta":{"footnotes":""},"categories":[3],"tags":[10490,10491,10489,10488],"class_list":["post-3055","post","type-post","status-publish","format-standard","hentry","category-allgemeine","tag-belohnungen","tag-praktiken","tag-sozialrat","tag-wirksamere","et-doesnt-have-format-content","et_post_format-et-post-format-standard"],"_links":{"self":[{"href":"https:\/\/www.best-dentist-dentistry.com\/de\/wp-json\/wp\/v2\/posts\/3055","targetHints":{"allow":["GET"]}}],"collection":[{"href":"https:\/\/www.best-dentist-dentistry.com\/de\/wp-json\/wp\/v2\/posts"}],"about":[{"href":"https:\/\/www.best-dentist-dentistry.com\/de\/wp-json\/wp\/v2\/types\/post"}],"author":[{"embeddable":true,"href":"https:\/\/www.best-dentist-dentistry.com\/de\/wp-json\/wp\/v2\/users\/1"}],"replies":[{"embeddable":true,"href":"https:\/\/www.best-dentist-dentistry.com\/de\/wp-json\/wp\/v2\/comments?post=3055"}],"version-history":[{"count":0,"href":"https:\/\/www.best-dentist-dentistry.com\/de\/wp-json\/wp\/v2\/posts\/3055\/revisions"}],"wp:attachment":[{"href":"https:\/\/www.best-dentist-dentistry.com\/de\/wp-json\/wp\/v2\/media?parent=3055"}],"wp:term":[{"taxonomy":"category","embeddable":true,"href":"https:\/\/www.best-dentist-dentistry.com\/de\/wp-json\/wp\/v2\/categories?post=3055"},{"taxonomy":"post_tag","embeddable":true,"href":"https:\/\/www.best-dentist-dentistry.com\/de\/wp-json\/wp\/v2\/tags?post=3055"}],"curies":[{"name":"wp","href":"https:\/\/api.w.org\/{rel}","templated":true}]}}