{"id":30691,"date":"2012-12-19T03:25:27","date_gmt":"2012-12-19T03:25:27","guid":{"rendered":null},"modified":"-0001-11-30T00:00:00","modified_gmt":"-0001-11-30T00:00:00","slug":"argentina-president-keeps-standing-24-hours-by-a-box-of-hypotension","status":"publish","type":"post","link":"https:\/\/www.best-dentist-dentistry.com\/de\/argentina-president-keeps-standing-24-hours-by-a-box-of-hypotension\/30691","title":{"rendered":"argentina president keeps standing 24 hours by a box of hypotension"},"content":{"rendered":"<p class=\"first\"> Buenos Aires, 30 Okt (EFE).-argentinische Pr\u00e4sidentin Cristina Fernandez wird durch eine &#8220;milde Hypotonie-Box&#8221; 24 Stunden ruhen haben \u00c4rzte der medizinischen Einheit Pr\u00e4sidentschaftswahl berichtet.<\/p>\n<p>Fernandez, 59 Jahre alt, im Leerlauf und es wird durchlaufen, Vorsorgeuntersuchungen, laut Aussage der Vorsitz und die \u00c4rzte Luis Buonomo, Marcelo Ballesteros und Daniel Fernandez. Sign ver\u00f6ffentlicht<\/p>\n<p>der Pr\u00e4sident nicht in der \u00d6ffentlichkeit seit dem vergangenen Mittwoch erscheint als er einen Akt mit Intendants leitete.<\/p>\n<p>Wochenende reiste in der s\u00fcdlichen Stadt Rio Gallegos, zeitgleich mit der zweite Jahrestag des Todes von ihrem Mann und Ihrem Vorg\u00e4nger, N\u00e9stor Kirchner, starb am 27. Oktober 2010.<\/p>\n<p>die argentinische Pr\u00e4sidentin hat mehrere kurze Boxen-low-Voltage w\u00e4hrend des letzten Jahres, die j\u00fcngste Vergangenheit 22. August erlitten.<\/p>\n<p>in Januar, wurde die argentinische Pr\u00e4sidentin Chirurgie der Schilddr\u00fcse nach der Diagnose Krebs zu entfernen, die schlie\u00dflich verworfen wurde. EFE<\/p>\n","protected":false},"excerpt":{"rendered":"<p>Buenos Aires, 30 Okt (EFE).-argentinische Pr\u00e4sidentin Cristina Fernandez wird durch eine &#8220;milde Hypotonie-Box&#8221; 24 Stunden ruhen haben \u00c4rzte der medizinischen Einheit Pr\u00e4sidentschaftswahl berichtet. Fernandez, 59 Jahre alt, im Leerlauf und es wird durchlaufen, Vorsorgeuntersuchungen, laut Aussage der Vorsitz und die \u00c4rzte Luis Buonomo, Marcelo Ballesteros und Daniel Fernandez. Sign ver\u00f6ffentlicht der Pr\u00e4sident nicht in der [&hellip;]<\/p>\n","protected":false},"author":1,"featured_media":0,"comment_status":"close","ping_status":"open","sticky":false,"template":"","format":"standard","meta":{"footnotes":""},"categories":[3],"tags":[41056],"class_list":["post-30691","post","type-post","status-publish","format-standard","hentry","category-allgemeine","tag-ablation","et-doesnt-have-format-content","et_post_format-et-post-format-standard"],"_links":{"self":[{"href":"https:\/\/www.best-dentist-dentistry.com\/de\/wp-json\/wp\/v2\/posts\/30691","targetHints":{"allow":["GET"]}}],"collection":[{"href":"https:\/\/www.best-dentist-dentistry.com\/de\/wp-json\/wp\/v2\/posts"}],"about":[{"href":"https:\/\/www.best-dentist-dentistry.com\/de\/wp-json\/wp\/v2\/types\/post"}],"author":[{"embeddable":true,"href":"https:\/\/www.best-dentist-dentistry.com\/de\/wp-json\/wp\/v2\/users\/1"}],"replies":[{"embeddable":true,"href":"https:\/\/www.best-dentist-dentistry.com\/de\/wp-json\/wp\/v2\/comments?post=30691"}],"version-history":[{"count":0,"href":"https:\/\/www.best-dentist-dentistry.com\/de\/wp-json\/wp\/v2\/posts\/30691\/revisions"}],"wp:attachment":[{"href":"https:\/\/www.best-dentist-dentistry.com\/de\/wp-json\/wp\/v2\/media?parent=30691"}],"wp:term":[{"taxonomy":"category","embeddable":true,"href":"https:\/\/www.best-dentist-dentistry.com\/de\/wp-json\/wp\/v2\/categories?post=30691"},{"taxonomy":"post_tag","embeddable":true,"href":"https:\/\/www.best-dentist-dentistry.com\/de\/wp-json\/wp\/v2\/tags?post=30691"}],"curies":[{"name":"wp","href":"https:\/\/api.w.org\/{rel}","templated":true}]}}