{"id":30701,"date":"2012-12-19T03:28:02","date_gmt":"2012-12-19T03:28:02","guid":{"rendered":null},"modified":"-0001-11-30T00:00:00","modified_gmt":"-0001-11-30T00:00:00","slug":"Massive-Track-am-zweiten-Tag-des-Streiks-von-Apotheken-in-Valencia","status":"publish","type":"post","link":"https:\/\/www.best-dentist-dentistry.com\/de\/Massive-Track-am-zweiten-Tag-des-Streiks-von-Apotheken-in-Valencia\/30701","title":{"rendered":"Massive Track am zweiten Tag des Streiks von Apotheken in Valencia"},"content":{"rendered":"<p class=\"first\"> Valencia, 6 nov (EFE).-der zweite Tag der einen unbefristeten Streik wird von den Apotheken aus Protest durch Schulden von 450 Millionen Euro, die sie die Generalit\u00c3 \u00a4 t h\u00e4lt &#8220;Normal&#8221; entwickelt und hat praktisch alle Dienstleistungen ausgenommen B\u00fcros Minima. abgeordnet worden<\/p>\n<p>so EfE Quellen des College of Valencia Apotheker versichert haben, geschlossen haben, die haben darauf hingewiesen, dass die Schlie\u00dfung von zwei alle drei Apotheken in der Region, insbesondere nach ihren Daten, ohne Zwischenfall entwickelt wird, 98,5 Prozent der B\u00fcros, die das tun k\u00f6nnte.<\/p>\n<p>jedoch haben sie angegeben, dass offene Apotheken heute eine gr\u00f6\u00dfere Anzahl von \u00f6ffentlichen erhalten und einige von ihnen bereits leiden Mangel an bestimmte Medikamente, die Patienten, die ihnen dienen k\u00f6nnen nicht verklagt werden.<\/p>\n<p>von Unterdessen haben Quellen im Ministerium f\u00fcr Gesundheit, Efe, die Mindestleistungen, 30 Prozent &#8220;werden erf\u00fcllt&#8221; und die &#8220;es bisher keine Auswirkungen auf die schlie\u00dfende Track oder Versorgung der Apotheken von H\u00e4ndlern&#8221; hingewiesen.<\/p>\n<p>Protest begann gestern mit einer fast vollst\u00e4ndigen Apotheken in Valencia, Unterst\u00fctzung und Apotheker gewarnt, dass Schulden, die die regionale Verwaltung mit ihnen h\u00e4lt, die Beschlagnahme von f\u00fcnfhundert B\u00fcros in Dezember. ange-<\/p>\n<p>Valencia Apotheken, 2.400 in der gesamten Region, haben in drei Bl\u00f6cke aufgeteilt wurden und jeder von ihnen ihnen zugewiesen wurde ein Tag der Schlie\u00dfung, unter anderem, die 24 Stunden ge\u00f6ffnet, w\u00e4hrend am Wochenende die Zeitpl\u00e4ne folgen wird bewacht Normal.<\/p>\n<p>La Conselleria de Sanidad erm\u00f6glichte die 900.10.10.81 Telefon f\u00fcr Fragen mit Bezug zu den Lockout der Apotheken.<\/p>\n<p>ZusatzEs hat &#8220;garantierte Zugang zu Medikamenten f\u00fcr die B\u00fcrger&#8221; und erinnerte daran, dass sie den Apotheken-Open in allen Krankenh\u00e4usern, Gesundheitszentren und Rath\u00e4user. einsehen k\u00f6nnen<\/p>\n<p>des Ministers f\u00fcr Gesundheit, Luis Rosado, hat heute versichert Efe in Br\u00fcssel, wo er eine Konferenz \u00fcber die Alterung der europ\u00e4ischen Bev\u00f6lkerung wer nicht glaubt besuchte, dass der Streik einen Mangel an Drogen f\u00fchrt.<\/p>\n<p>Rosado hinzugef\u00fcgt, dass seit Beginn des Streiks &#8220;es keine bedeutende Tatsache, die jeder B\u00fcrger gibt um seine Medikamente haben verhindert hat&#8221;.<\/p>\n","protected":false},"excerpt":{"rendered":"<p>Valencia, 6 nov (EFE).-der zweite Tag der einen unbefristeten Streik wird von den Apotheken aus Protest durch Schulden von 450 Millionen Euro, die sie die Generalit\u00c3 \u00a4 t h\u00e4lt &#8220;Normal&#8221; entwickelt und hat praktisch alle Dienstleistungen ausgenommen B\u00fcros Minima. abgeordnet worden so EfE Quellen des College of Valencia Apotheker versichert haben, geschlossen haben, die haben [&hellip;]<\/p>\n","protected":false},"author":1,"featured_media":0,"comment_status":"close","ping_status":"open","sticky":false,"template":"","format":"standard","meta":{"footnotes":""},"categories":[3],"tags":[41066],"class_list":["post-30701","post","type-post","status-publish","format-standard","hentry","category-allgemeine","tag-track","et-doesnt-have-format-content","et_post_format-et-post-format-standard"],"_links":{"self":[{"href":"https:\/\/www.best-dentist-dentistry.com\/de\/wp-json\/wp\/v2\/posts\/30701","targetHints":{"allow":["GET"]}}],"collection":[{"href":"https:\/\/www.best-dentist-dentistry.com\/de\/wp-json\/wp\/v2\/posts"}],"about":[{"href":"https:\/\/www.best-dentist-dentistry.com\/de\/wp-json\/wp\/v2\/types\/post"}],"author":[{"embeddable":true,"href":"https:\/\/www.best-dentist-dentistry.com\/de\/wp-json\/wp\/v2\/users\/1"}],"replies":[{"embeddable":true,"href":"https:\/\/www.best-dentist-dentistry.com\/de\/wp-json\/wp\/v2\/comments?post=30701"}],"version-history":[{"count":0,"href":"https:\/\/www.best-dentist-dentistry.com\/de\/wp-json\/wp\/v2\/posts\/30701\/revisions"}],"wp:attachment":[{"href":"https:\/\/www.best-dentist-dentistry.com\/de\/wp-json\/wp\/v2\/media?parent=30701"}],"wp:term":[{"taxonomy":"category","embeddable":true,"href":"https:\/\/www.best-dentist-dentistry.com\/de\/wp-json\/wp\/v2\/categories?post=30701"},{"taxonomy":"post_tag","embeddable":true,"href":"https:\/\/www.best-dentist-dentistry.com\/de\/wp-json\/wp\/v2\/tags?post=30701"}],"curies":[{"name":"wp","href":"https:\/\/api.w.org\/{rel}","templated":true}]}}