{"id":30738,"date":"2012-12-19T03:39:14","date_gmt":"2012-12-19T03:39:14","guid":{"rendered":null},"modified":"-0001-11-30T00:00:00","modified_gmt":"-0001-11-30T00:00:00","slug":"lasquetty-qualifies-it-strike-the-health-of-unjustified-and-considers-it-very-damaging-for-patients","status":"publish","type":"post","link":"https:\/\/www.best-dentist-dentistry.com\/de\/lasquetty-qualifies-it-strike-the-health-of-unjustified-and-considers-it-very-damaging-for-patients\/30738","title":{"rendered":"Lasquetty qualifiziert sie Streik der Gesundheit &#8220;ungerechtfertigt&#8221; und h\u00e4lt es f\u00fcr &#8220;sehr sch\u00e4dlich&#8221; f\u00fcr Patienten"},"content":{"rendered":"<p class=\"first\"> MADRID, 1 (EUROPA PRESS)<\/p>\n<p>der Minister der Gesundheit der Gemeinschaft von Madrid, Javier Fern\u00e1ndez-Lasquetty, hat dies Samstag Streik &#8220;ungerechtfertigt&#8221; Gesundheit in der Region qualifiziert und es war angesehen &#8220;sehr sch\u00e4dlich&#8221; f\u00fcr die Patienten.<\/p>\n<p>&#8220;Es ist ein Streik ungerechtfertigt im Sinne des, dass Gesundheitsversorgung wird nicht verkauft, weder privatisiert ist, verschenkt wird, noch verschwindet, wie durch die Banner und die Schreie, die Koreanisch sind&#8221;, erkl\u00e4rt den Berater w\u00e4hrend der Pr\u00e4sentation des Gleichgewichts des zweiten Jahres des Funktionierens der freien Wahldes des Professional und Anlage in der Gemeinschaft von Madrid.<\/p>\n<p>so Lasquetty gefragt, &#8220;Warum eine Zeitlang das Teil alle Streiks in Spanien machen Angestellte des \u00f6ffentlichen Dienstes&#8221;, zu der Zeit, da\u00df es f\u00fchlte, dass die Menschen, die in allen T\u00e4tigkeitsbereichen arbeiten sind auch &#8220;schief und sind Leben die Krise&#8221;. &#8220;Streiks kommen nur in den \u00f6ffentlichen Sektor und das ist etwas besonders sch\u00e4dlich f\u00fcr die B\u00fcrger&#8221;, hat verurteilt.<\/p>\n<p>&#8220;Hoffnung und Wunsch in den Demonstrationen vom Betreten eines anderen Weg, die dazu f\u00fchren, dass k\u00f6nnen wir reden und diskutieren \u00fcber die Ma\u00dfnahmen und anwenden, um das machen wir weiterhin eine qualitativ hochwertige \u00f6ffentliche Gesundheit haben, aber wir k\u00f6nnen es schaffen, mit 533 Millionen Euro weniger Budget&#8221;, geschlossen hat.<\/p>\n","protected":false},"excerpt":{"rendered":"<p>MADRID, 1 (EUROPA PRESS) der Minister der Gesundheit der Gemeinschaft von Madrid, Javier Fern\u00e1ndez-Lasquetty, hat dies Samstag Streik &#8220;ungerechtfertigt&#8221; Gesundheit in der Region qualifiziert und es war angesehen &#8220;sehr sch\u00e4dlich&#8221; f\u00fcr die Patienten. &#8220;Es ist ein Streik ungerechtfertigt im Sinne des, dass Gesundheitsversorgung wird nicht verkauft, weder privatisiert ist, verschenkt wird, noch verschwindet, wie durch [&hellip;]<\/p>\n","protected":false},"author":1,"featured_media":0,"comment_status":"close","ping_status":"open","sticky":false,"template":"","format":"standard","meta":{"footnotes":""},"categories":[3],"tags":[41106],"class_list":["post-30738","post","type-post","status-publish","format-standard","hentry","category-allgemeine","tag-derby","et-doesnt-have-format-content","et_post_format-et-post-format-standard"],"_links":{"self":[{"href":"https:\/\/www.best-dentist-dentistry.com\/de\/wp-json\/wp\/v2\/posts\/30738","targetHints":{"allow":["GET"]}}],"collection":[{"href":"https:\/\/www.best-dentist-dentistry.com\/de\/wp-json\/wp\/v2\/posts"}],"about":[{"href":"https:\/\/www.best-dentist-dentistry.com\/de\/wp-json\/wp\/v2\/types\/post"}],"author":[{"embeddable":true,"href":"https:\/\/www.best-dentist-dentistry.com\/de\/wp-json\/wp\/v2\/users\/1"}],"replies":[{"embeddable":true,"href":"https:\/\/www.best-dentist-dentistry.com\/de\/wp-json\/wp\/v2\/comments?post=30738"}],"version-history":[{"count":0,"href":"https:\/\/www.best-dentist-dentistry.com\/de\/wp-json\/wp\/v2\/posts\/30738\/revisions"}],"wp:attachment":[{"href":"https:\/\/www.best-dentist-dentistry.com\/de\/wp-json\/wp\/v2\/media?parent=30738"}],"wp:term":[{"taxonomy":"category","embeddable":true,"href":"https:\/\/www.best-dentist-dentistry.com\/de\/wp-json\/wp\/v2\/categories?post=30738"},{"taxonomy":"post_tag","embeddable":true,"href":"https:\/\/www.best-dentist-dentistry.com\/de\/wp-json\/wp\/v2\/tags?post=30738"}],"curies":[{"name":"wp","href":"https:\/\/api.w.org\/{rel}","templated":true}]}}