{"id":30769,"date":"2012-12-20T02:40:40","date_gmt":"2012-12-20T02:40:40","guid":{"rendered":null},"modified":"-0001-11-30T00:00:00","modified_gmt":"-0001-11-30T00:00:00","slug":"castro-said-that-until-they-are-not-lists-are-beds-dureta-two-hospitals-will-not-be-closed","status":"publish","type":"post","link":"https:\/\/www.best-dentist-dentistry.com\/de\/castro-said-that-until-they-are-not-lists-are-beds-dureta-two-hospitals-will-not-be-closed\/30769","title":{"rendered":"castro said that until they are not lists are beds dureta two hospitals will not be closed"},"content":{"rendered":"<p class=\"first\"> PALMA DE MALLORCA, 13 (EUROPA PRESS)<\/p>\n<p>des Ministers f\u00fcr Gesundheit, Familie und soziale Wohlergehen der Baleares, Carmen Castro, hat am heutigen Mittwoch sichergestellt, dass es nicht geschlossen wird, die General Hospital und Joan March bis alle Betten von Son Dureta, nicht getan wo voraussichtlich vereinheitlichen Atenci\u00f3n Sociosanitaria Insel.<\/p>\n<p>bei seiner Anh\u00f6rung im Ausschuss Gesundheit zu erkl\u00e4ren, die K\u00fcrzungen im Anpassung Plan der Regierung, die Auswirkungen auf ihre Abteilung enthalten, erkl\u00e4rte Castro, dass &#8220;noch einige detail&#8221; von dieser Vereinheitlichung der Aufmerksamkeit, obwohl es daf\u00fcr gesorgt hat, es erlaubt &#8220;gewinnen an Effizienz und Qualit\u00e4t der Versorgung&#8221;.<\/p>\n<p>in diesem Sinne hat bemerkt, dass &#8220;es keines Bett verringern wird oder jedes Programm verschwinden&#8221; die werden derzeit angeboten, in Krankenh\u00e4usern, die die Regierung herunterzufahren. &#8220;sie sind Ma\u00dfnahmen, die jeder, der sich nicht wie&#8221;, sagte der Minister, der hinzugef\u00fcgt, dass einige von Ihnen, zus\u00e4tzlich zu den Einsparungen bedeuten f\u00fcr die Gemeinschaft &#8220;eine Verbesserung Aspekte wie soziale und gesundheitliche Hilfe&#8221; abgeleitet.<\/p>\n<p>jedoch seit der Opposition haben kritisiert &#8220;Improvisation&#8221; der Regierung an die Schlie\u00dfung von Krankenh\u00e4usern. In diesem Sinne hat der Sprecher der PSM-IV-ExM und Menorca, Fina Santiago, die monatlichen, die kritisiert die Exekutive, die fr\u00fcheren Daten fortfahren mit der Schlie\u00dfung von Krankenh\u00e4usern und jetzt Forderungen, die es nicht bis zum &#8220;, dass Dureta ausgef\u00fchrt wird sind&#8221;. <\/p>\n","protected":false},"excerpt":{"rendered":"<p>PALMA DE MALLORCA, 13 (EUROPA PRESS) des Ministers f\u00fcr Gesundheit, Familie und soziale Wohlergehen der Baleares, Carmen Castro, hat am heutigen Mittwoch sichergestellt, dass es nicht geschlossen wird, die General Hospital und Joan March bis alle Betten von Son Dureta, nicht getan wo voraussichtlich vereinheitlichen Atenci\u00f3n Sociosanitaria Insel. bei seiner Anh\u00f6rung im Ausschuss Gesundheit zu [&hellip;]<\/p>\n","protected":false},"author":1,"featured_media":0,"comment_status":"close","ping_status":"open","sticky":false,"template":"","format":"standard","meta":{"footnotes":""},"categories":[3],"tags":[],"class_list":["post-30769","post","type-post","status-publish","format-standard","hentry","category-allgemeine","et-doesnt-have-format-content","et_post_format-et-post-format-standard"],"_links":{"self":[{"href":"https:\/\/www.best-dentist-dentistry.com\/de\/wp-json\/wp\/v2\/posts\/30769","targetHints":{"allow":["GET"]}}],"collection":[{"href":"https:\/\/www.best-dentist-dentistry.com\/de\/wp-json\/wp\/v2\/posts"}],"about":[{"href":"https:\/\/www.best-dentist-dentistry.com\/de\/wp-json\/wp\/v2\/types\/post"}],"author":[{"embeddable":true,"href":"https:\/\/www.best-dentist-dentistry.com\/de\/wp-json\/wp\/v2\/users\/1"}],"replies":[{"embeddable":true,"href":"https:\/\/www.best-dentist-dentistry.com\/de\/wp-json\/wp\/v2\/comments?post=30769"}],"version-history":[{"count":0,"href":"https:\/\/www.best-dentist-dentistry.com\/de\/wp-json\/wp\/v2\/posts\/30769\/revisions"}],"wp:attachment":[{"href":"https:\/\/www.best-dentist-dentistry.com\/de\/wp-json\/wp\/v2\/media?parent=30769"}],"wp:term":[{"taxonomy":"category","embeddable":true,"href":"https:\/\/www.best-dentist-dentistry.com\/de\/wp-json\/wp\/v2\/categories?post=30769"},{"taxonomy":"post_tag","embeddable":true,"href":"https:\/\/www.best-dentist-dentistry.com\/de\/wp-json\/wp\/v2\/tags?post=30769"}],"curies":[{"name":"wp","href":"https:\/\/api.w.org\/{rel}","templated":true}]}}