{"id":30773,"date":"2012-12-20T02:42:33","date_gmt":"2012-12-20T02:42:33","guid":{"rendered":null},"modified":"-0001-11-30T00:00:00","modified_gmt":"-0001-11-30T00:00:00","slug":"the-vice-president-of-colombia-still-in-the-icu-in-delicate-but-stable-condition","status":"publish","type":"post","link":"https:\/\/www.best-dentist-dentistry.com\/de\/the-vice-president-of-colombia-still-in-the-icu-in-delicate-but-stable-condition\/30773","title":{"rendered":"the vice president of colombia still in the icu in delicate but stable condition"},"content":{"rendered":"<p class=\"first\"> Bogota, 20 jun (EFE).-der Vize-Pr\u00e4sident Kolumbiens, Angelino Garzon, weiterhin in der Intensivstation (ICU) eines Krankenhauses in Bogot\u00e1 nach Leiden eine St\u00f6rungsmeldung zerebrovaskul\u00e4re, Sie in &#8220;zarte aber stabilen&#8221; Zustand h\u00e4lt, berichtete heute der Pr\u00e4sident Juan Manuel Santos.<\/p>\n<p>Santos, die letzte Nacht von Los Cabos (Mexiko) nach dem Besuch der Sitzung des g-20, zur\u00fcckgekehrt, arbeitete als Sprecher vor der B\u00fcrgerschaft nach Garzon zu besuchen und mit den \u00c4rzten in der Klinik Reina Sofia in der Hauptstadt Colombiana.<\/p>\n<p>&#8220;seine Situation ist delikat, aber stabil. getan haben alles, was menschlich werden kann&#8221;, der Vertreter sagte Reportern versammelten sich an der Pforte der Klinik, f\u00fcgte hinzu, dass &#8220;in guten H\u00e4nden&#8221; Garzon ist.<\/p>\n<p>eine j\u00fcngste Kommuniqu\u00e9 vom Direktor scientific clinic Reina Sofia, doctor Luis Augusto Cortes Delvalle, noted that Garzon suffers a cerebral ischemia (reduction of cerebral blood flow) and remains in intensive care.<\/p>\n<p>adds that the charge is &#8220;in a delicate but condition stable, under strict medical supervision, with protection measures as part of the management of its acute cerebrovascular disease neurological&#8221;<\/p>\n<p>Precisa that bug &#8220;brain vascular ischemic, which is located in the midbrain, presents an expectable evolution, without clinical deterioration&#8221;.<\/p>\n<p>Dr. Cortes also noted that the medical team that attends to Garzon will report &#8220;in a timely manner&#8221; to the Government and public opinion of the State of health of the Vice President.<\/p>\n<p>&#8220;We hope, I believe that in this accompany me all Colombians so that their recovery is prompt and can get out of intensive care as soon as possible,&#8221; said Santos.<\/p>\n<p>the Pr\u00e4sident darauf hingewiesen, dass auch seit Los Cabos in st\u00e4ndigem Kontakt mit der Frau von Garzon, der spanischen Montserrat Mu\u00f1oz, umgehend von der Gesundheitszustand des <\/p>\n<p>Neurologe Mario Mu\u00f1oz der Clinica Marly, Bogota, Caracol Radio wurde, die je nach den Auswirkungen des Schadens, der Vice President m\u00f6glicherweise Fehler in der Ansicht, im Speicher oder in der Sprache., erkl\u00e4rte<\/p>\n<p> Vizepr\u00e4sident.<\/p>\n<p> informiert worden war, der <\/p>\n<p>seinem Kollegen Enrique Jim\u00e9nez Hakim, der Fundaci\u00f3n Santa Fe, erz\u00e4hlte die selben Station, die ein Szenario der \u00e4u\u00dferst schwere, da eine andere M\u00f6glichkeit ist, die diese Merkmale eine L\u00e4sion betrachtet, ist das Gehirn, Tod (induzierte oder nat\u00fcrliche) Koma oder Tod.<\/p>\n<p>Dies ist der zweite schwere Garz\u00f3n Gesundheit Komplikation seit Annahme der Vize-Pr\u00e4sidentschaft Kolumbiens am 8. August 2010.<\/p>\n<p>ein Nach seiner Einweihung Tag ein Herzleiden litt, die operiert werden musste und f\u00fcr mehrere Wochen arbeitsunf\u00e4hig war<\/p>\n<p>in den letzten Monaten Garzon reiste die Welt auf der Suche nach Unterst\u00fctzung f\u00fcr seine Kandidatur frustriert in der Richtung von der internationalen Arbeitsorganisation (ILO), die ver\u00e4ndert seine Routine, in der Regel bestreut mit medizinischen Untersuchungen und eine spezielle Di\u00e4t.<\/p>\n<p>Garzon, einer renommierten ehemaligen Gewerkschaft, begab sich die Vizepr\u00e4sidentschaft als den Running Mate Juan Manuel Santos, nach diente als Minister in der Regierung von Andr\u00e9s Pastrana (1998-2002) und Botschafter in Genf bei den Vereinten Nationen w\u00e4hrend der Pr\u00e4sidentschaft \u00c1lvaro Uribe V\u00e9lez (2002-2010).<\/p>\n","protected":false},"excerpt":{"rendered":"<p>Bogota, 20 jun (EFE).-der Vize-Pr\u00e4sident Kolumbiens, Angelino Garzon, weiterhin in der Intensivstation (ICU) eines Krankenhauses in Bogot\u00e1 nach Leiden eine St\u00f6rungsmeldung zerebrovaskul\u00e4re, Sie in &#8220;zarte aber stabilen&#8221; Zustand h\u00e4lt, berichtete heute der Pr\u00e4sident Juan Manuel Santos. Santos, die letzte Nacht von Los Cabos (Mexiko) nach dem Besuch der Sitzung des g-20, zur\u00fcckgekehrt, arbeitete als Sprecher [&hellip;]<\/p>\n","protected":false},"author":1,"featured_media":0,"comment_status":"close","ping_status":"open","sticky":false,"template":"","format":"standard","meta":{"footnotes":""},"categories":[3],"tags":[],"class_list":["post-30773","post","type-post","status-publish","format-standard","hentry","category-allgemeine","et-doesnt-have-format-content","et_post_format-et-post-format-standard"],"_links":{"self":[{"href":"https:\/\/www.best-dentist-dentistry.com\/de\/wp-json\/wp\/v2\/posts\/30773","targetHints":{"allow":["GET"]}}],"collection":[{"href":"https:\/\/www.best-dentist-dentistry.com\/de\/wp-json\/wp\/v2\/posts"}],"about":[{"href":"https:\/\/www.best-dentist-dentistry.com\/de\/wp-json\/wp\/v2\/types\/post"}],"author":[{"embeddable":true,"href":"https:\/\/www.best-dentist-dentistry.com\/de\/wp-json\/wp\/v2\/users\/1"}],"replies":[{"embeddable":true,"href":"https:\/\/www.best-dentist-dentistry.com\/de\/wp-json\/wp\/v2\/comments?post=30773"}],"version-history":[{"count":0,"href":"https:\/\/www.best-dentist-dentistry.com\/de\/wp-json\/wp\/v2\/posts\/30773\/revisions"}],"wp:attachment":[{"href":"https:\/\/www.best-dentist-dentistry.com\/de\/wp-json\/wp\/v2\/media?parent=30773"}],"wp:term":[{"taxonomy":"category","embeddable":true,"href":"https:\/\/www.best-dentist-dentistry.com\/de\/wp-json\/wp\/v2\/categories?post=30773"},{"taxonomy":"post_tag","embeddable":true,"href":"https:\/\/www.best-dentist-dentistry.com\/de\/wp-json\/wp\/v2\/tags?post=30773"}],"curies":[{"name":"wp","href":"https:\/\/api.w.org\/{rel}","templated":true}]}}