{"id":30810,"date":"2012-12-20T02:51:29","date_gmt":"2012-12-20T02:51:29","guid":{"rendered":null},"modified":"-0001-11-30T00:00:00","modified_gmt":"-0001-11-30T00:00:00","slug":"ana-mato-blamed-the-situation-in-catalonia-to-the-psoe-awful-inheritance","status":"publish","type":"post","link":"https:\/\/www.best-dentist-dentistry.com\/de\/ana-mato-blamed-the-situation-in-catalonia-to-the-psoe-awful-inheritance\/30810","title":{"rendered":"Ana Mato verantwortlich gemacht, die Situation in Katalonien an der PSOE &#8220;schrecklich Vererbung&#8221;"},"content":{"rendered":"<p class=\"first\"> Madrid, 17 jul (EFE).-La nistra de Sanidad, Servicios Sociales e Igualdad, Ana Mato, ha Achacado Hoy la Situaci\u00f3n Econ\u00f3mica de Catalu\u00f1a a la &#8220;schreckliche Herencia&#8221; Que ha Dejado el anterior Ejecutivo del PSOE.<\/p>\n<p>As\u00ed Se ha Pronunciado Mato de la Sesi\u00f3n de Steuern al Gobierno de el Senado, Donde la Diputada De La Entesa M\u00f3nica Almi\u00f1ana le ha Preguntado Sobre Si el Ejecutivo Considera &#8220;Justo Que Se Haya Impuesto un Doble Copago&#8221; ein Los Ciudadanos de Catalu\u00f1a Para Acceder a Los Medicamentos.<\/p>\n<p>Almi\u00f1ana ha Afirmado Que Los Catalanes heidnischen M\u00e1s Por las Medicinas, Hecho un, ha A\u00f1adido, Que a Su Grupo &#8220;no Les da Igual.<\/p>\n<p>La nistra de Sanidad ha Asegurado Que hay Comunidades Aut\u00f3nomas Que Tienen&#8221;Grav\u00edsimos&#8221;Problemas de Financiaci\u00f3n, Incluso a La Hora de Pagar Sus N\u00f3minas&#8221; de Algunos Casos Porque kein Se Han Ocupado de las Cuentas P\u00fablicas &#8220;y En Otros&#8221; Por la schreckliche Herencia Que Han Recibido Como es el Caso de Catalu\u00f1a &#8220;.<\/p>\n<p>Mato He pointed out that &#8220;the very difficult situation&#8221; is a &#8220;direct result of bad policies&#8221; which, in his view, has carried out the Government of Jos\u00e9 Luis Rodr\u00edguez Zapatero in Spain and in Catalonia.<\/p>\n<p>&#8220;We are not going to continue along the same path, we are committed to a responsible policy above all respectful of the principles of the State of the autonomies&#8221;, has featured Mato, who added that the Executive has launched &#8220;a forum for dialogue&#8221; with the Catalan Government in relation to the fixing of the prices of the medicines.<\/p>\n<p>in addition, this forum, explained the Minister, will address the concept of charges for the management of services to the citizens.<\/p>\n<p>Mato has pointed out that, meanwhile, the Ministry of health will continue to work with all the autonomous communities to take the necessary steps that will ensure the sustainability of the system health.<\/p>\n<p> &lt; p&gt; &#8220;Gemeinschaften bei der Nutzung ihrer Befugnisse, die w\u00e4hlen die am besten geeignete Formel machen es m\u00f6glich sein&#8221;, betonte den Minister.<\/p>\n","protected":false},"excerpt":{"rendered":"<p>Madrid, 17 jul (EFE).-La nistra de Sanidad, Servicios Sociales e Igualdad, Ana Mato, ha Achacado Hoy la Situaci\u00f3n Econ\u00f3mica de Catalu\u00f1a a la &#8220;schreckliche Herencia&#8221; Que ha Dejado el anterior Ejecutivo del PSOE. As\u00ed Se ha Pronunciado Mato de la Sesi\u00f3n de Steuern al Gobierno de el Senado, Donde la Diputada De La Entesa M\u00f3nica [&hellip;]<\/p>\n","protected":false},"author":1,"featured_media":0,"comment_status":"close","ping_status":"open","sticky":false,"template":"","format":"standard","meta":{"footnotes":""},"categories":[3],"tags":[41158,41157],"class_list":["post-30810","post","type-post","status-publish","format-standard","hentry","category-allgemeine","tag-schrecklich","tag-unesco-auszeichnung-hilfe","et-doesnt-have-format-content","et_post_format-et-post-format-standard"],"_links":{"self":[{"href":"https:\/\/www.best-dentist-dentistry.com\/de\/wp-json\/wp\/v2\/posts\/30810","targetHints":{"allow":["GET"]}}],"collection":[{"href":"https:\/\/www.best-dentist-dentistry.com\/de\/wp-json\/wp\/v2\/posts"}],"about":[{"href":"https:\/\/www.best-dentist-dentistry.com\/de\/wp-json\/wp\/v2\/types\/post"}],"author":[{"embeddable":true,"href":"https:\/\/www.best-dentist-dentistry.com\/de\/wp-json\/wp\/v2\/users\/1"}],"replies":[{"embeddable":true,"href":"https:\/\/www.best-dentist-dentistry.com\/de\/wp-json\/wp\/v2\/comments?post=30810"}],"version-history":[{"count":0,"href":"https:\/\/www.best-dentist-dentistry.com\/de\/wp-json\/wp\/v2\/posts\/30810\/revisions"}],"wp:attachment":[{"href":"https:\/\/www.best-dentist-dentistry.com\/de\/wp-json\/wp\/v2\/media?parent=30810"}],"wp:term":[{"taxonomy":"category","embeddable":true,"href":"https:\/\/www.best-dentist-dentistry.com\/de\/wp-json\/wp\/v2\/categories?post=30810"},{"taxonomy":"post_tag","embeddable":true,"href":"https:\/\/www.best-dentist-dentistry.com\/de\/wp-json\/wp\/v2\/tags?post=30810"}],"curies":[{"name":"wp","href":"https:\/\/api.w.org\/{rel}","templated":true}]}}