{"id":30864,"date":"2012-12-20T03:30:08","date_gmt":"2012-12-20T03:30:08","guid":{"rendered":null},"modified":"-0001-11-30T00:00:00","modified_gmt":"-0001-11-30T00:00:00","slug":"heads-doctors-explain-to-locals-their-rejection-of-privatization","status":"publish","type":"post","link":"https:\/\/www.best-dentist-dentistry.com\/de\/heads-doctors-explain-to-locals-their-rejection-of-privatization\/30864","title":{"rendered":"K\u00f6pfe \u00c4rzte erkl\u00e4ren den Einheimischen ihre Ablehnung der Privatisierung"},"content":{"rendered":"<p class=\"first\"> Madrid, 6 Dec (EFE).-die Koordinatoren der Plattform der Dienstleiter der \u00f6ffentlichen Krankenh\u00e4user von Madrid, die fast 600 \u00c4rzte in mehr als 20 Kliniken, haben sich in einem Schreiben an die B\u00fcrger, in dem Sie warnen, dass Privatisierungen &#8220;ernsthaft die Qualit\u00e4t und Universalit\u00e4t Kompromisse&#8221; von Gesundheit.<\/p>\n<p>ist ein offener Brief an alle Einheimischen, die die Plattform, durch die Medien die Gr\u00fcnde von den B\u00fcrgern erkl\u00e4ren gemacht hat, die ablehnen, Einstellungen und Privatisierungsplan angek\u00fcndigt, von der regionalen Regierung.<\/p>\n<p>Deck 576 H\u00e4uptlinge Dienstleistung von mehr als zwanzig \u00f6ffentlichen Krankenh\u00e4usern umfassen es und eine Darstellung aller von ihnen war verantwortlich f\u00fcr Ausarbeitung der Charta, in denen detaillierte seine Gr\u00fcnde f\u00fcr die R\u00fccknahme des Plans der angeordnet Ma\u00dfnahmen zur Gew\u00e4hrleistung der Nachhaltigkeit des \u00f6ffentlichen Gesundheitswesens, wie erl\u00e4utert, Efe, einer der Koordinatoren, Dr Santiago Moreno, von Ram\u00f3n y Cajal.<\/p>\n<p>und es ist, dass nach dem Schreiben, diesen Plan &#8220;ernsthaft gef\u00e4hrdet die Qualit\u00e4t und die Universalit\u00e4t der \u00f6ffentlichen Gesundheit Madrid&#8221; und reagiert auf &#8220;single-Argument&#8221;, dass notwendig ist, die Kosten senken<\/p>\n<p>&#8220;ist nicht wahr, dass private Gesundheitsversorgung billiger als die \u00d6ffentlichkeit, in L\u00e4ndern ist, in denen beide Systeme Gesundheitsausgaben pro Kopf nebeneinander, und Jahr viel h\u00f6her ist, und der Beitrag der \u00f6ffentlichen Ausgaben, also auch&#8221;, sagen in einem Brief.<\/p>\n<p>zugeben, dass Sie behaupten, dass ein \u00f6ffentliche Qualit\u00e4tssicherungssystem &#8220;ist teuer,&#8221; aber das ist aufgrund der Technologie und Ressourcen, die sie ben\u00f6tigen, um sicherzustellen, dass Qualit\u00e4t.<\/p>\n<p>ist ein weiterer Grund, die schwingen, die hospitals that want to privatize the regional government &#8220;are among the least expensive&#8221; in the region, and also &#8220;the economic contribution that the community of Madrid intends to pay the new owners is higher than the current cost&#8221;.<\/p>\n<p>&#8220;therefore, companies who buy them will have benefit with our tax money&#8221;, is complain.<\/p>\n<p>after defending that there is also a private health care, physicians assert that what cannot be in agreement is &#8220;in transferring resources from public to private health care, as it has for sale: usual in recent years, and as intended now with this plan that sells efficient public hospitals to private health care&#8221;.<\/p>\n<p>&rsquo;There are still measures and actions that could optimize health resources, with our contest, to what already we have committed repeatedly our collaboration, without that so far we have obtained a response&rsquo;, adds.<\/p>\n<p> &lt; p&gt; Bestehen auch, dass die Mobilisierungen sind nicht wegen der Arbeit, noch Lohn verlangt seit &#8220;\u00c4rzte, als auch andere Fachleute in der Gesundheit, wir erlitten haben in unseren Lohnk\u00fcrzungen und Verl\u00e4ngerungen der Arbeitszeit und habe nicht streiken, weil wir sehr engagiert f\u00fcr die Stabilit\u00e4t des \u00f6ffentlichen Gesundheitssystems sind gegangen&#8221;.<\/p>\n<p>vor einigen Wochen den letzten November 23, diese Plattform der Dienst-Chefs haben einen Brief an Madrid Gesundheit, Javier Fern\u00e1ndez-Lasquetty, Berater fordern den R\u00fcckzug der Privatisierungsplan, zu verstehen, dass &#8220;keine Geschenke, keine wirkliche Ersparnisse zu gew\u00e4hrleisten&#8221;. EFE<\/p>\n","protected":false},"excerpt":{"rendered":"<p>Madrid, 6 Dec (EFE).-die Koordinatoren der Plattform der Dienstleiter der \u00f6ffentlichen Krankenh\u00e4user von Madrid, die fast 600 \u00c4rzte in mehr als 20 Kliniken, haben sich in einem Schreiben an die B\u00fcrger, in dem Sie warnen, dass Privatisierungen &#8220;ernsthaft die Qualit\u00e4t und Universalit\u00e4t Kompromisse&#8221; von Gesundheit. ist ein offener Brief an alle Einheimischen, die die Plattform, [&hellip;]<\/p>\n","protected":false},"author":1,"featured_media":0,"comment_status":"close","ping_status":"open","sticky":false,"template":"","format":"standard","meta":{"footnotes":""},"categories":[3],"tags":[],"class_list":["post-30864","post","type-post","status-publish","format-standard","hentry","category-allgemeine","et-doesnt-have-format-content","et_post_format-et-post-format-standard"],"_links":{"self":[{"href":"https:\/\/www.best-dentist-dentistry.com\/de\/wp-json\/wp\/v2\/posts\/30864","targetHints":{"allow":["GET"]}}],"collection":[{"href":"https:\/\/www.best-dentist-dentistry.com\/de\/wp-json\/wp\/v2\/posts"}],"about":[{"href":"https:\/\/www.best-dentist-dentistry.com\/de\/wp-json\/wp\/v2\/types\/post"}],"author":[{"embeddable":true,"href":"https:\/\/www.best-dentist-dentistry.com\/de\/wp-json\/wp\/v2\/users\/1"}],"replies":[{"embeddable":true,"href":"https:\/\/www.best-dentist-dentistry.com\/de\/wp-json\/wp\/v2\/comments?post=30864"}],"version-history":[{"count":0,"href":"https:\/\/www.best-dentist-dentistry.com\/de\/wp-json\/wp\/v2\/posts\/30864\/revisions"}],"wp:attachment":[{"href":"https:\/\/www.best-dentist-dentistry.com\/de\/wp-json\/wp\/v2\/media?parent=30864"}],"wp:term":[{"taxonomy":"category","embeddable":true,"href":"https:\/\/www.best-dentist-dentistry.com\/de\/wp-json\/wp\/v2\/categories?post=30864"},{"taxonomy":"post_tag","embeddable":true,"href":"https:\/\/www.best-dentist-dentistry.com\/de\/wp-json\/wp\/v2\/tags?post=30864"}],"curies":[{"name":"wp","href":"https:\/\/api.w.org\/{rel}","templated":true}]}}