{"id":30872,"date":"2012-12-20T03:30:58","date_gmt":"2012-12-20T03:30:58","guid":{"rendered":null},"modified":"-0001-11-30T00:00:00","modified_gmt":"-0001-11-30T00:00:00","slug":"salvadoran-authorities-raised-alert-for-dengue-fever-which-has-caused-5-deaths","status":"publish","type":"post","link":"https:\/\/www.best-dentist-dentistry.com\/de\/salvadoran-authorities-raised-alert-for-dengue-fever-which-has-caused-5-deaths\/30872","title":{"rendered":"salvadoran authorities raised alert for dengue fever which has caused 5 deaths"},"content":{"rendered":"<p class=\"first\"> San Salvador, 6 Dec (EFE).-die Beh\u00f6rden von El Salvador heute hob den Zustand der Warnung deklariert zum Kampf gegen Dengue-Fieber, das mindestens f\u00fcnf Tote und mehr als 12.000 F\u00e4llen verursacht hat vor mehr als drei Monate in diesem Jahr.<\/p>\n<p>der Direktor des Katastrophenschutzes, Jorge Mel\u00e9ndez, und der stellvertretende Minister f\u00fcr Gesundheit, Eduardo Espinoza, sagte, dass die Warnung ohne Wirkung von heute, die 262, er in war die letzten drei Gemeinden, in der Ansicht war zwingen, dass die Krankheit jetzt unter Kontrolle ist.<\/p>\n<p>Diese drei Gemeinden Santa Ana, sowohl im Westen und Ahuachap\u00e1n und Guacotecti im Norden, sind Beamte auf einer Pressekonferenz sagte<\/p>\n<p>&#8220;Sind v\u00f6llig befreit von jeder Art von Warnung die 262 Gemeinden, da bundesweit die Kontrolle \u00fcber die Epidemie hat&#8221;, sagte Melendez.<\/p>\n<p>die Beh\u00f6rdenund erkl\u00e4rte eine sanit\u00e4re-Warnung auf verschiedenen Ebenen im ganzen Land am 17. August ausgesetzt es allm\u00e4hlich nach der Kontrolle der Krankheit, bis es nur in diesen letzten drei Gemeinden.<\/p>\n<p>bis 21 November schlie\u00dflich das Gesundheitsministerium von El Salvador nahm mindestens f\u00fcnf Tote und 12,124 best\u00e4tigte F\u00e4lle von Dengue-Fieber, davon 744 h\u00e4morrhagische, \u00fcber insgesamt 42.379 verd\u00e4chtigen. Vielfalt sind<\/p>\n<p>Mel\u00e9ndez und Espinoza fragte die Bev\u00f6lkerung dazu beitragen, die &#8220;Nachhaltigkeit&#8221; im Kampf gegen Dengue-Fieber, da das Risiko eines R\u00fcckfalls Auftreten der Krankheit dauerhaft ist. EFE<\/p>\n","protected":false},"excerpt":{"rendered":"<p>San Salvador, 6 Dec (EFE).-die Beh\u00f6rden von El Salvador heute hob den Zustand der Warnung deklariert zum Kampf gegen Dengue-Fieber, das mindestens f\u00fcnf Tote und mehr als 12.000 F\u00e4llen verursacht hat vor mehr als drei Monate in diesem Jahr. der Direktor des Katastrophenschutzes, Jorge Mel\u00e9ndez, und der stellvertretende Minister f\u00fcr Gesundheit, Eduardo Espinoza, sagte, dass [&hellip;]<\/p>\n","protected":false},"author":1,"featured_media":0,"comment_status":"close","ping_status":"open","sticky":false,"template":"","format":"standard","meta":{"footnotes":""},"categories":[3],"tags":[41212],"class_list":["post-30872","post","type-post","status-publish","format-standard","hentry","category-allgemeine","tag-gestank","et-doesnt-have-format-content","et_post_format-et-post-format-standard"],"_links":{"self":[{"href":"https:\/\/www.best-dentist-dentistry.com\/de\/wp-json\/wp\/v2\/posts\/30872","targetHints":{"allow":["GET"]}}],"collection":[{"href":"https:\/\/www.best-dentist-dentistry.com\/de\/wp-json\/wp\/v2\/posts"}],"about":[{"href":"https:\/\/www.best-dentist-dentistry.com\/de\/wp-json\/wp\/v2\/types\/post"}],"author":[{"embeddable":true,"href":"https:\/\/www.best-dentist-dentistry.com\/de\/wp-json\/wp\/v2\/users\/1"}],"replies":[{"embeddable":true,"href":"https:\/\/www.best-dentist-dentistry.com\/de\/wp-json\/wp\/v2\/comments?post=30872"}],"version-history":[{"count":0,"href":"https:\/\/www.best-dentist-dentistry.com\/de\/wp-json\/wp\/v2\/posts\/30872\/revisions"}],"wp:attachment":[{"href":"https:\/\/www.best-dentist-dentistry.com\/de\/wp-json\/wp\/v2\/media?parent=30872"}],"wp:term":[{"taxonomy":"category","embeddable":true,"href":"https:\/\/www.best-dentist-dentistry.com\/de\/wp-json\/wp\/v2\/categories?post=30872"},{"taxonomy":"post_tag","embeddable":true,"href":"https:\/\/www.best-dentist-dentistry.com\/de\/wp-json\/wp\/v2\/tags?post=30872"}],"curies":[{"name":"wp","href":"https:\/\/api.w.org\/{rel}","templated":true}]}}