{"id":30926,"date":"2012-12-21T02:48:16","date_gmt":"2012-12-21T02:48:16","guid":{"rendered":null},"modified":"-0001-11-30T00:00:00","modified_gmt":"-0001-11-30T00:00:00","slug":"ugt-denounced-health-shall-pay-attention-to-the-dependency-to-persons-who-are-under-the-poverty-threshold","status":"publish","type":"post","link":"https:\/\/www.best-dentist-dentistry.com\/de\/ugt-denounced-health-shall-pay-attention-to-the-dependency-to-persons-who-are-under-the-poverty-threshold\/30926","title":{"rendered":"UGT denunziert Gesundheit achten auf der Abh\u00e4ngigkeit f\u00fcr Personen, die unter der Armutsgrenze"},"content":{"rendered":"<p class=\"first\"> MADRID, 6 (EUROPA PRESS)<\/p>\n<p>UGT verurteilte am Freitag das Ziel des Ministeriums f\u00fcr Gesundheit, Soziales und Gleichstellung mit der Reform des Gesetzes der Abh\u00e4ngigkeit &#8220;, dass die B\u00fcrger mehr Zahlen&#8221;, weil ihren Vorschlag zur \u00dcberarbeitung der Selbstbeteiligung tun wird, dass &#8220;sogar noch niedriger, unterhalb der Schwelle der Armut Einkommen an den Kosten beteiligen Ende&#8221;<\/p>\n<p>Union reagiert damit der Beurteilung des Standards erarbeitet, die von der Regierung der Freitag eingereicht hat, dem Beratenden Ausschuss des Systems f\u00fcr die pers\u00f6nliche Autonomie und Pflege-Abh\u00e4ngigkeit, eine Analyse zu machen, die seiner Ansicht nach &#8220;angesprochen werden, um Gesetzes\u00e4nderungen zu rechtfertigen scheint&#8221;, das soll, das Gesetz.<\/p>\n<p>&#8220;Wir sprechen von Ungleichheit des Gesetzes, Betrug von Betreuern und so weiter, mit dem einzigen Ziel&#8221; &#8220;die \u00c4nderung des Gesetzes, wenn das einzige, was sicher, dass regulatorische Scheitern auf den Pfusch der autonomen Gemeinschaften ist bei der Umsetzung der geltenden Rechtsvorschriften sowie seine eigenen Regeln zu entwickeln, wie es ihnen Artikel 10 des Gesetzes in ihren Zust\u00e4ndigkeitsbereich, gibt Antworten zu rechtfertigen&#8221; Beschwerde UGT.<\/p>\n<p>in Bezug auf k\u00f6niglichen Erlass \u00dcberarbeitung nach oben die Selbstbeteiligung die Union behauptet, dass &#8220;die Grunds\u00e4tze der Gleichbehandlung, Nichtdiskriminierung und Universalit\u00e4t, die im Gesetz zum Zugriff auf das System basierend auf das Einkommen des Beg\u00fcnstigten Bedingungen auferlegen verankert hatte unterdr\u00fcckt&#8221; angeprangert, dass &#8220;sogar die niedrigsten Einkommen an die Kosten mit etablierten so streng Sto\u00dfstangen enden&#8221;.<\/p>\n<p>in diesem Zusammenhang betont, dass die erfordern Beitrag, die Ertr\u00e4ge aus 75 Prozent der IPREM, einen Betrag zu haben &#8220;zu niedriger&#8221;Ihrer Meinung nach bedeutet, dass&#8221;in der Praxis alle beg\u00fcnstigten, sogar das Mindesteinkommen, das wir nicht vergessen d\u00fcrfen, dass sie mit diesen Zahlen unterhalb der Schwelle der Armut sind an das System tragen sollte&#8221;.<\/p>\n<p>&#8221; Dies kann dazu f\u00fchren Hemmnisse der Bestimmung und des Systems selbst, so dass nach ein paar Jahren das System also, dass Sie wahrscheinlich nachhaltig finanziell geschw\u00e4cht ist aber nicht Existent in Bezug auf Leistung, eine einzige Assistentialist System generieren &#8220;, betont UGT.<\/p>\n<p>im Hinblick auf die vorgeschlagene Vereinbarung, die dem n\u00e4chsten Rat der territorialen Regierung f\u00fchren wird, geplant, die w\u00e4hrend der Beratende Ausschuss kommt Woche vorgenommen wurden, Ma\u00dfnahmen wie die \u00c4nderung der aktuellen Struktur, die zwischen Klasse und Ebenen, besteht zwei Ebenen bestehend aus einzelnen Beseitigung der Grad; die \u00c4nderung der Figur des pers\u00f6nliche Assistentin f\u00fcr jede Klasse; Beg\u00fcnstigten Praxisgeb\u00fchr oder die Gewichtung der Dienste gegen wirtschaftliche Vorteile \u00e4ndern.<\/p>\n<p>erw\u00e4hnt auch Ma\u00dfnahmen wie die Inkompatibilit\u00e4t voller Vorteile, \u00dcberpr\u00fcfung des finanziellen Vorteils der Pflege in der famili\u00e4ren Umgebung mit Absicht die Sondervereinbarung mit Sozialversicherung, \u00c4nderung des Kalenders der Strafverfolgung in Klasse 1 bis 2015 oder Set als Sparma\u00dfnahmen \u00e4ndern die Betr\u00e4ge der Vorteile f\u00fcr die Pflege in der famili\u00e4ren Umgebung gemacht auszusetzen.<\/p>\n","protected":false},"excerpt":{"rendered":"<p>MADRID, 6 (EUROPA PRESS) UGT verurteilte am Freitag das Ziel des Ministeriums f\u00fcr Gesundheit, Soziales und Gleichstellung mit der Reform des Gesetzes der Abh\u00e4ngigkeit &#8220;, dass die B\u00fcrger mehr Zahlen&#8221;, weil ihren Vorschlag zur \u00dcberarbeitung der Selbstbeteiligung tun wird, dass &#8220;sogar noch niedriger, unterhalb der Schwelle der Armut Einkommen an den Kosten beteiligen Ende&#8221; Union [&hellip;]<\/p>\n","protected":false},"author":1,"featured_media":0,"comment_status":"close","ping_status":"open","sticky":false,"template":"","format":"standard","meta":{"footnotes":""},"categories":[3],"tags":[41255],"class_list":["post-30926","post","type-post","status-publish","format-standard","hentry","category-allgemeine","tag-wechselnde","et-doesnt-have-format-content","et_post_format-et-post-format-standard"],"_links":{"self":[{"href":"https:\/\/www.best-dentist-dentistry.com\/de\/wp-json\/wp\/v2\/posts\/30926","targetHints":{"allow":["GET"]}}],"collection":[{"href":"https:\/\/www.best-dentist-dentistry.com\/de\/wp-json\/wp\/v2\/posts"}],"about":[{"href":"https:\/\/www.best-dentist-dentistry.com\/de\/wp-json\/wp\/v2\/types\/post"}],"author":[{"embeddable":true,"href":"https:\/\/www.best-dentist-dentistry.com\/de\/wp-json\/wp\/v2\/users\/1"}],"replies":[{"embeddable":true,"href":"https:\/\/www.best-dentist-dentistry.com\/de\/wp-json\/wp\/v2\/comments?post=30926"}],"version-history":[{"count":0,"href":"https:\/\/www.best-dentist-dentistry.com\/de\/wp-json\/wp\/v2\/posts\/30926\/revisions"}],"wp:attachment":[{"href":"https:\/\/www.best-dentist-dentistry.com\/de\/wp-json\/wp\/v2\/media?parent=30926"}],"wp:term":[{"taxonomy":"category","embeddable":true,"href":"https:\/\/www.best-dentist-dentistry.com\/de\/wp-json\/wp\/v2\/categories?post=30926"},{"taxonomy":"post_tag","embeddable":true,"href":"https:\/\/www.best-dentist-dentistry.com\/de\/wp-json\/wp\/v2\/tags?post=30926"}],"curies":[{"name":"wp","href":"https:\/\/api.w.org\/{rel}","templated":true}]}}