{"id":30947,"date":"2012-12-21T02:50:38","date_gmt":"2012-12-21T02:50:38","guid":{"rendered":null},"modified":"-0001-11-30T00:00:00","modified_gmt":"-0001-11-30T00:00:00","slug":"the-private-health-plans-layoffs-and-closing-of-hospitals-after-the-vat-hike","status":"publish","type":"post","link":"https:\/\/www.best-dentist-dentistry.com\/de\/the-private-health-plans-layoffs-and-closing-of-hospitals-after-the-vat-hike\/30947","title":{"rendered":"Die private Gesundheit plant Entlassungen und Schlie\u00dfung von Krankenh\u00e4usern nach der Mehrwertsteuererh\u00f6hung"},"content":{"rendered":"<p class=\"first\"> MADRID, 11 (EUROPA PRESS)<\/p>\n<p>Institut f\u00fcr die Entwicklung und Integration von Gesundheit (IDIS) sorgt daf\u00fcr, dass die Regierung angek\u00fcndigte Mehrwertsteuererh\u00f6hung zu einem R\u00fcckgang der am Rande der Gewinn f\u00fchrt und ein R\u00fcckgang der Einkommen f\u00fcr das private Gesundheitswesen die aus einer Verkleinerung am Ende von einigen bedeutet Krankenhaus Zentren.<\/p>\n<p>also diese Einheit, bestehend aus gro\u00dfen hat versichert es Versicherungen und Gruppen von private Krankenh\u00e4user der private Gesundheitsversorgung, die prognostiziert, dass die Anwendung der Ma\u00dfnahme im privaten Gesundheitswesen m\u00f6glicherweise eine &#8220;Katastrophe&#8221; f\u00fcr private Gesundheitsversorgung in Spanien.<\/p>\n<p>wie sie erkl\u00e4rten, Unternehmen in diesem Sektor k\u00f6nnen die MwSt nicht abziehen, aber jedoch unterst\u00fctzen sie es als ein Aufwand wie bei Krankenhausaufenthalt Dienstleistungen und Healthcare ist nicht betroffen, diese Steuer. dies dazu f\u00fchren wird, dass der Aufstieg muss unterst\u00fctzt werden, vollst\u00e4ndig von den Zentren und nicht durch den Endkunden wie in anderen Sektoren, das bedeutet eine Reduzierung in den R\u00e4ndern des Gewinn.<\/p>\n<p>auch Punkt, aus, dass er eine neue Einstellung die &#8220;unertr\u00e4glich&#8221; dieses Sektors, um das Ausma\u00df der Druck wird, dass Sie einen Verlust von 0,5 Prozent des Umsatzes sch\u00e4tzen ist insgesamt. gesch\u00e4tzt,<\/p>\n<p>&#8220;All dies schlie\u00dft sich die prek\u00e4re Situation, die viele Zentren, leiden die wurden reduziert deutlich die Konzerte mit der \u00f6ffentlichen Verwaltung, so ist es einfach zu schlie\u00dfen, die k\u00f6nnten gef\u00e4hrdet die Tragf\u00e4higkeit des privaten Netzwerks Krankenhaus mit das Ungleichgewicht, das dies f\u00fcr das \u00f6ffentliche Gesundheitswesen mit sich bringen w\u00fcrde&#8221;, hat alarmiert die IDIS.<\/p>\n<p> &lt; p&gt; Und, wie er diese Entit\u00e4t erinnerte, private Gesundheitsversorgung ist eine &#8220;grundlegende&#8221; in Spanien Gesundheitssystem, \u00f6ffentlich, da die 6,9 Millionen von Versicherten mit privaten Versicherungen weniger verwendet oder gar keine der Public Health, eine Situation, die verstehen als &#8220;versteckte Subvention des \u00f6ffentlichen Systems&#8221;.<\/p>\n<p>Warum hat behauptet, die Umsetzung der Ma\u00dfnahmen, die entgegenzuwirken, werden die Effekte aus der Erh\u00f6hung der Kosten, die die Anwendung dieser Anpassung, angesichts der Folgen, die auftreten, das Gesundheitssystem mit sich bringen wird.<\/p>\n","protected":false},"excerpt":{"rendered":"<p>MADRID, 11 (EUROPA PRESS) Institut f\u00fcr die Entwicklung und Integration von Gesundheit (IDIS) sorgt daf\u00fcr, dass die Regierung angek\u00fcndigte Mehrwertsteuererh\u00f6hung zu einem R\u00fcckgang der am Rande der Gewinn f\u00fchrt und ein R\u00fcckgang der Einkommen f\u00fcr das private Gesundheitswesen die aus einer Verkleinerung am Ende von einigen bedeutet Krankenhaus Zentren. also diese Einheit, bestehend aus gro\u00dfen [&hellip;]<\/p>\n","protected":false},"author":1,"featured_media":0,"comment_status":"close","ping_status":"open","sticky":false,"template":"","format":"standard","meta":{"footnotes":""},"categories":[3],"tags":[41262],"class_list":["post-30947","post","type-post","status-publish","format-standard","hentry","category-allgemeine","tag-mehrwertsteuererhhung","et-doesnt-have-format-content","et_post_format-et-post-format-standard"],"_links":{"self":[{"href":"https:\/\/www.best-dentist-dentistry.com\/de\/wp-json\/wp\/v2\/posts\/30947","targetHints":{"allow":["GET"]}}],"collection":[{"href":"https:\/\/www.best-dentist-dentistry.com\/de\/wp-json\/wp\/v2\/posts"}],"about":[{"href":"https:\/\/www.best-dentist-dentistry.com\/de\/wp-json\/wp\/v2\/types\/post"}],"author":[{"embeddable":true,"href":"https:\/\/www.best-dentist-dentistry.com\/de\/wp-json\/wp\/v2\/users\/1"}],"replies":[{"embeddable":true,"href":"https:\/\/www.best-dentist-dentistry.com\/de\/wp-json\/wp\/v2\/comments?post=30947"}],"version-history":[{"count":0,"href":"https:\/\/www.best-dentist-dentistry.com\/de\/wp-json\/wp\/v2\/posts\/30947\/revisions"}],"wp:attachment":[{"href":"https:\/\/www.best-dentist-dentistry.com\/de\/wp-json\/wp\/v2\/media?parent=30947"}],"wp:term":[{"taxonomy":"category","embeddable":true,"href":"https:\/\/www.best-dentist-dentistry.com\/de\/wp-json\/wp\/v2\/categories?post=30947"},{"taxonomy":"post_tag","embeddable":true,"href":"https:\/\/www.best-dentist-dentistry.com\/de\/wp-json\/wp\/v2\/tags?post=30947"}],"curies":[{"name":"wp","href":"https:\/\/api.w.org\/{rel}","templated":true}]}}