{"id":30949,"date":"2012-12-21T02:50:53","date_gmt":"2012-12-21T02:50:53","guid":{"rendered":null},"modified":"-0001-11-30T00:00:00","modified_gmt":"-0001-11-30T00:00:00","slug":"feafes-calls-for-more-economic-resources-and-efforts-to-achieve-the-full-social-and-labour-integration-of-mentally-ill","status":"publish","type":"post","link":"https:\/\/www.best-dentist-dentistry.com\/de\/feafes-calls-for-more-economic-resources-and-efforts-to-achieve-the-full-social-and-labour-integration-of-mentally-ill\/30949","title":{"rendered":"FEAFES fordert mehr wirtschaftlichen Ressourcen und Bem\u00fchungen um die volle Sozial  und arbeitsrechtlichen Integration von psychisch Kranken"},"content":{"rendered":"<p class=\"first\"> MADRID, 11 (EUROPA PRESS)<\/p>\n<p>der Spanische Konf\u00f6deration von Gruppierungen von Familie und geistigen Menschen (FEAFES) hat beantragt, mehr wirtschaftlichen Ressourcen und Anstrengungen zur Erreichung der vollen Sozial- und arbeitsrechtlichen Integration der psychischen Kranken. und wie Sie von ihrem Pr\u00e4sidenten Jos\u00e9 Mar\u00eda S\u00e1nchez Monge, ist es &#8220;unm\u00f6glich&#8221; Quantifizierung die Auswirkungen des soziale und menschliche Zusammenhang mit psychischen St\u00f6rungen wie Schizophrenie.<\/p>\n<p>&#8220;Gesundheitsausgaben abgeleitet aus der Behandlung dieser Krankheit ist deutlicher, aber sicherlich nichts Vergleichbares, das Gef\u00fchl der Isolation, Inhaftierung oder sozialen Stigmatisierung dieser Opfer sowohl die Patienten als auch die Familie,&#8221; sagte w\u00e4hrend seiner Rede an das erste Forum International neue Ans\u00e4tze in der Behandlung von Schizophrenie, organisiert durch das Zentrum f\u00fcr biomedizinische Forschung Netzwerk psychische Gesundheit (CIBERSAM)with the collaboration of the Spanish society of Psychiatry (SEP) and the Spanish society of Biological Psychiatry (SEPB) and support from Roche Farma.<\/p>\n<p>in this sense, the expert has shown its concern by the &#8220;lack of attention&#8221; given to the deterioration of the social skills of people with mental illness and their capacity to integrate into their family environment as a social, something which, in his view, is a necessity of &#8220;first order&#8221;, given that without them &#8220;difficult&#8221; patient will &#8220;open up to his closest circle and rebuild their lives occupationally and social&#8221;.<\/p>\n<p>daily activities such as going to work, graduating from University or share an evening with friends are &#8220;harder&#8221; to these people since they usually present alterations linked with the behavior and emotions, such as apathy, disinterest, insociabilidad or lack of attention and concentration, making it difficult to lead a normal life.<\/p>\n<p> &lt; p&#8221;&gt; Hinaus ist diese Demonstrationen, auch bekannt als negative Symptome, geblieben bis jetzt im Hintergrund, da die Behandlungen konzentriert haben, auf die Behandlung von Wahnvorstellungen und -positive Pathologie Symptome &#8211; Halluzinationen, trotz der Tatsache, das Ihr Zustand ist ebenso deaktivieren.<\/p>\n<p>Warum Sanchez Moge kommentiert hat, ist die aktuelle Herausforderung bei der Behandlung dieser Menschen umfassend die Schizophrenie, die Behandlung von Symptomen positive, Negative oder kognitive Defizite zu beheben.&#8221;ist ein gro\u00dfer Schritt in Richtung der Genesung und Wiedereingliederung des Patienten in die Gesellschaft&#8221;, erkl\u00e4rt hat.<\/p>\n<p>in diesem Sinne hat gepr\u00fcft,&#8221;positiv&#8221;Psychotherapie und psychische Gesundheit Einheiten in Gemeinschaft Pflege darauf hingewiesen, dass diese Personen grundlegende soziale F\u00e4higkeiten erwerben, die&#8221;sehr n\u00fctzlich &#8220;zum Leben zu konfrontieren und selbst\u00e4ndige werden.&#8221; in diesen Zentren Adh\u00e4sion auf die Behandlung sind Werke viel die verhindert, dass einen hohen Prozentsatz der Aussteiger und, daher verringert das Risiko der R\u00fcckfall und Krankenhaus Besucherzahlen, betonte.<\/p>\n<p>mehrere Studien haben gezeigt, dass Psychotherapie sein kann bis zu 47 Prozent reduziert den Einsatz von Medikamenten bei Patienten mit einem hohen Index der Konsultation M\u00e9dica. also, der Pr\u00e4sident des FEAFES hat betont, dass &#8220;Erstbehandlung&#8221; ist, dass die betroffene Partei einen Grad an Autonomie erreicht, was ist &#8220;grundlegende&#8221; Therapie k\u00fcmmern sich um alles, was mit Beziehungen und soziale Kompetenz des einzelnen. zu tun hat<\/p>\n<p>Gro\u00dfe soziale Stigmatisierung<\/p>\n<p>obwohl nur 25 Prozent der Schizophrenien Deb\u00fcts im Kindes- und Jugendalter, einige der krankheitsbedingten Symptome erscheinen in einem fr\u00fchen Alter, trotz der Tatsache, dass die Diagnose erst mehrere Jahre sp\u00e4ter tritt nicht.<\/p>\n<p>in diesem Sinne S\u00e1nchez Monge hat kommentiert, da\u00df die Gr\u00fcnde vielf\u00e4ltig sind, da, die im Bereich von Stigmatisierung der Erkrankung, Angst der Eltern zu sozialen Ablehnung bis die Verwechslung zwischen die ersten Symptome mit den verursachten Auswirkungen des Konsums von Alkohol und Substanzen giftig.<\/p>\n<p>&#8220;die gro\u00dfe Mehrheit der jungen unbekannten Risiken f\u00fcr ihre Gesundheit von h\u00e4ufigen Missbrauch von Alkohol und Drogen. Es ist wichtig zu wissen, wie man auf die ersten Anzeichen reagieren und was zu tun mit der Entstehung der eine psychotische&#8221;, es hat sich eingelebt. <\/p>\n","protected":false},"excerpt":{"rendered":"<p>MADRID, 11 (EUROPA PRESS) der Spanische Konf\u00f6deration von Gruppierungen von Familie und geistigen Menschen (FEAFES) hat beantragt, mehr wirtschaftlichen Ressourcen und Anstrengungen zur Erreichung der vollen Sozial- und arbeitsrechtlichen Integration der psychischen Kranken. und wie Sie von ihrem Pr\u00e4sidenten Jos\u00e9 Mar\u00eda S\u00e1nchez Monge, ist es &#8220;unm\u00f6glich&#8221; Quantifizierung die Auswirkungen des soziale und menschliche Zusammenhang mit [&hellip;]<\/p>\n","protected":false},"author":1,"featured_media":0,"comment_status":"close","ping_status":"open","sticky":false,"template":"","format":"standard","meta":{"footnotes":""},"categories":[3],"tags":[41262],"class_list":["post-30949","post","type-post","status-publish","format-standard","hentry","category-allgemeine","tag-mehrwertsteuererhhung","et-doesnt-have-format-content","et_post_format-et-post-format-standard"],"_links":{"self":[{"href":"https:\/\/www.best-dentist-dentistry.com\/de\/wp-json\/wp\/v2\/posts\/30949","targetHints":{"allow":["GET"]}}],"collection":[{"href":"https:\/\/www.best-dentist-dentistry.com\/de\/wp-json\/wp\/v2\/posts"}],"about":[{"href":"https:\/\/www.best-dentist-dentistry.com\/de\/wp-json\/wp\/v2\/types\/post"}],"author":[{"embeddable":true,"href":"https:\/\/www.best-dentist-dentistry.com\/de\/wp-json\/wp\/v2\/users\/1"}],"replies":[{"embeddable":true,"href":"https:\/\/www.best-dentist-dentistry.com\/de\/wp-json\/wp\/v2\/comments?post=30949"}],"version-history":[{"count":0,"href":"https:\/\/www.best-dentist-dentistry.com\/de\/wp-json\/wp\/v2\/posts\/30949\/revisions"}],"wp:attachment":[{"href":"https:\/\/www.best-dentist-dentistry.com\/de\/wp-json\/wp\/v2\/media?parent=30949"}],"wp:term":[{"taxonomy":"category","embeddable":true,"href":"https:\/\/www.best-dentist-dentistry.com\/de\/wp-json\/wp\/v2\/categories?post=30949"},{"taxonomy":"post_tag","embeddable":true,"href":"https:\/\/www.best-dentist-dentistry.com\/de\/wp-json\/wp\/v2\/tags?post=30949"}],"curies":[{"name":"wp","href":"https:\/\/api.w.org\/{rel}","templated":true}]}}