{"id":31139,"date":"2012-12-22T03:22:18","date_gmt":"2012-12-22T03:22:18","guid":{"rendered":null},"modified":"-0001-11-30T00:00:00","modified_gmt":"-0001-11-30T00:00:00","slug":"grandson-guarantees-the-maintenance-and-quality-of-services-despite-the-budget-downturn","status":"publish","type":"post","link":"https:\/\/www.best-dentist-dentistry.com\/de\/grandson-guarantees-the-maintenance-and-quality-of-services-despite-the-budget-downturn\/31139","title":{"rendered":"grandson guarantees the maintenance and quality of services despite the budget downturn"},"content":{"rendered":"<p class=\"first\"> LOGRO\u00d1O, 31 (EUROPA PRESS)<\/p>\n<p>des Ministers f\u00fcr Gesundheit und soziale Dienste von La Rioja, Jos\u00e9 Ignacio Nieto, glaubt seiner Abteilung bis 2013 Budget garantiert die Erhaltung und Qualit\u00e4t bei der Bereitstellung der bestehenden Dienstleistungen Gesundheit und sozialen w\u00e4hrend des n\u00e4chsten Jahres. Nieto hat darauf hingewiesen, die den Haushalt bez\u00fcglich 2012 Abfahrt &#8220;verhindert nicht treffen geplant Zusagen, obwohl sie weiterhin Anstrengungen zur Verbesserung der Effizienz im Dienste aller zwingen&#8221;.<\/p>\n<p>der Berater erkl\u00e4rt, w\u00e4hrend die Aufschl\u00fcsselung der Konten, die heute Nachmittag vor dem Ausschuss des Budgets der Parlaments von La Rioja, gemacht hat, dass Gesundheits- und Sozialdiensten Budgets realistisch sind, und die Frucht der die politische Verantwortung f\u00fcr die erforderliche Anpassung des Systems der Leistungen an die aktuelle wirtschaftliche Lage und soziale.<\/p>\n<p> &lt; p&gt; Nieto erkl\u00e4rte im Parlament, dass seine Abteilung verf\u00fcgt \u00fcber insgesamt 41 Prozent des Gesamthaushaltsplans von La Rioja, im gesamten 500,8 Millionen Euro, fast gleichm\u00e4\u00dfig zwischen dem Ministerium f\u00fcr Gesundheit und soziale Dienste (250,5 Mio.) und La Rioja Gesundheitsdienst (250,2) aufgeteilt. diese Zahlen \u00fcbernehmen eine Reduzierung der Durchschnitt 8,47 Prozent aus dem Haushalt der 2012, die wie beschrieben durch den Chief Executive, ebenso alle Sektoren. unber\u00fchrt<\/p>\n<p>in den Worten von Nieto, der wichtigste Abstieg erfolgt in das Ministerium f\u00fcr Gesundheit und soziale Dienste, 13,87 Prozent in Bezug auf 2012, w\u00e4hrend im La Rioja Gesundheitsdienst wirft praktisch ohne Verlust in die H\u00f6he. In diesem Sinne hat die Nieto daran erinnert, dass die Reduzierung von 2,35 Prozent reflektiert die Staatskonten SERIS entspricht die \u00dcbertragung der Elemente entspricht der It im Gesundheitsbereich zu der neuen Generaldirektion f\u00fcr Technologien der Information und Kommunikation Projekte, erstellt im Ministerium f\u00fcr \u00f6ffentliche Verwaltung und Finanzen, obwohl ihr Ende v\u00f6llig Gesundheit. bleibt<\/p>\n<p>Ratgeber hat darauf hingewiesen, dass La Rioja Gesundheitswesen pflegt daher genau das gleiche budget in alle Level was bezieht sich auf Leistungen, nur seiner Abreise um eine blo\u00dfe Frage der Verwaltungscomputer Projekte Effizienz zu senken.Auch Nieto hat als Schwerpunkte Gesundheit hervorgehoben und soziale Dienste Haushalt die Budgeterh\u00f6hung, die Grundversorgung w\u00e4hrend 2013 erhalten und wie oben beschrieben mehr Ressourcen und Tools f\u00fcr die Angeh\u00f6rigen der Gesundheitsberufe, um seine Kapazit\u00e4ten zur Aufl\u00f6sung und seine Koordination mit dem Krankenhaus Pflege. bieten soll<\/p>\n<p>Berater hat seine Pr\u00e4sentation im Parlament bekannt zu geben, die Inbetriebnahme im Gange n\u00e4chstes Jahr eines Programms der Versorgung der Patienten Polimedicado und eine chronische, planen, dessen erste Schritte bereits dieses Jahr gegeben haben und deren Umsetzung im Gange wird genutzt nicht nur nutzen Patienten diente, sondern auch zur Rationalit\u00e4t und wirtschaftlichen von unserem System Nachhaltigkeit Gesundheit.<\/p>\n<p>Portfolio abgeschlossen<\/p>\n<p>Nieto beachtet auch, dass im Jahr 2013 nicht keine neuen Spezialit\u00e4t gestartet werden, da La Rioja Gesundheit System Service-Portfolio von \u00d6ffentlichkeit bereits abgeschlossen ist und daher gro\u00dfe Anstrengungen in diesem Bereich zur Konsolidierung der neuen Programme gestartet zugeteilt werden, w\u00e4hrend 2012 und zur Entwicklung neuer nicht-invasive Techniken, die Verbesserung der Qualit\u00e4t der Erbringung des Dienstes.<\/p>\n<p>ebenso Dienstzustand antwortet Nieto hat betont, dass in den n\u00e4chsten Jahr Ma\u00dfnahmen zur Verbesserung der Zug\u00e4nglichkeit von den B\u00fcrgern f\u00fcr das Gesundheitssystem durchgef\u00fchrt wird, werden angeregt, wird erweitert, die Abfrage Geschichte elektronischer vom B\u00fcrger Information und startet die entsprechende Phase der Einf\u00fchrung der Evangeliumszeit der elektronischen Apotheke Rezepte, Abschluss im Jahr 2012, die Phase des elektronisches Rezept Rezept.<\/p>\n<p> &lt; p&gt; W\u00e4hrend 2013 in Calahorra in Betrieb zum neuen Machtzentrum der halben Aufenthalt und Rekonvaleszenz, bei der Stiftung Krankenhaus Calahorra startet seine Aktivit\u00e4ten neue System Management. in diesem Zusammenhang, Enkel bekr\u00e4ftigt das Engagement der Regierung von La Rioja f\u00fcr die Aufrechterhaltung der Dienste, station\u00e4re Leistungen, die Qualit\u00e4t der Pflege und der Vorlage des Center.<\/p>\n<p>Einheit zu sichern<\/p>\n<p>im Bereich der sozialen Dienste, hat der Berater sichergestellt, dass das aktuelle Budget erm\u00f6glicht, garantieren die Wartung des Systems in Abh\u00e4ngigkeit von Bedingungen, die die Zentralregierung an die Vorherbestimmung der Vergangenheit markiert 14. Juli. Nach dieser Norm, unterh\u00e4lt die Erbringung aller Dienstleistungen, sondern reduziert dem finanziellen Nutzen f\u00fcr die Betreuer Laien die Umgebung., La Rioja, die Ma\u00dfnahmen, die es in diesem Bereich erlassen wurde gehen zu m\u00fcssen, und sind mit, eine wesentlich moderatere Rate als in anderen Gebieten, was geschuldet wird die Berufung der Regierung von La Rioja weiterhin einige Dienste, die als wesentlich f\u00fcr den sozialen Zusammenhalt unserer Gemeinschaft.<\/p>\n<p>in diesem Sinne, Nieto daf\u00fcr gesorgt hat, dass sie bleibt und kaum finanzielle Ver\u00e4nderungen, Gemeinschaft soziale Dienste mit Gemeinden und Verb\u00e4nden, Unterst\u00fctzung zu Hause, Telecare Programm Senioren, \u00f6ffentliche Pl\u00e4tze f\u00fcr Kinder in Schutz, Pflege von Tag und \u00f6ffentlichen Residenzen leiden werden, Plazas und Behinderung Hilfe Center, Wartung Hilfe f\u00fcr die Pflege der famili\u00e4ren Umgebung und die Bereitstellung mit Service f\u00fcr pflegebed\u00fcrftige Menschen, sowie die Pflege der Programme zur Selbstversorgung von \u00e4lteren Menschen und Grundeinkommen (IMI und AIS) wirtschaftliche Vorteile verbunden.<\/p>\n<p>ebenso im Bereich der sozialen Dienste, Nieto hat angek\u00fcndigt den Zusatz von der zus\u00e4tzlichen pers\u00f6nlichen Aufmerksamkeit und Gesetz zu einer Abh\u00e4ngigkeit und der bevorstehenden Inbetriebnahme des Ordens \u00fcber Beihilfen an Unternehmen, die Nutznie\u00dfer der IMI mieten.<\/p>\n","protected":false},"excerpt":{"rendered":"<p>LOGRO\u00d1O, 31 (EUROPA PRESS) des Ministers f\u00fcr Gesundheit und soziale Dienste von La Rioja, Jos\u00e9 Ignacio Nieto, glaubt seiner Abteilung bis 2013 Budget garantiert die Erhaltung und Qualit\u00e4t bei der Bereitstellung der bestehenden Dienstleistungen Gesundheit und sozialen w\u00e4hrend des n\u00e4chsten Jahres. Nieto hat darauf hingewiesen, die den Haushalt bez\u00fcglich 2012 Abfahrt &#8220;verhindert nicht treffen geplant [&hellip;]<\/p>\n","protected":false},"author":1,"featured_media":0,"comment_status":"close","ping_status":"open","sticky":false,"template":"","format":"standard","meta":{"footnotes":""},"categories":[3],"tags":[],"class_list":["post-31139","post","type-post","status-publish","format-standard","hentry","category-allgemeine","et-doesnt-have-format-content","et_post_format-et-post-format-standard"],"_links":{"self":[{"href":"https:\/\/www.best-dentist-dentistry.com\/de\/wp-json\/wp\/v2\/posts\/31139","targetHints":{"allow":["GET"]}}],"collection":[{"href":"https:\/\/www.best-dentist-dentistry.com\/de\/wp-json\/wp\/v2\/posts"}],"about":[{"href":"https:\/\/www.best-dentist-dentistry.com\/de\/wp-json\/wp\/v2\/types\/post"}],"author":[{"embeddable":true,"href":"https:\/\/www.best-dentist-dentistry.com\/de\/wp-json\/wp\/v2\/users\/1"}],"replies":[{"embeddable":true,"href":"https:\/\/www.best-dentist-dentistry.com\/de\/wp-json\/wp\/v2\/comments?post=31139"}],"version-history":[{"count":0,"href":"https:\/\/www.best-dentist-dentistry.com\/de\/wp-json\/wp\/v2\/posts\/31139\/revisions"}],"wp:attachment":[{"href":"https:\/\/www.best-dentist-dentistry.com\/de\/wp-json\/wp\/v2\/media?parent=31139"}],"wp:term":[{"taxonomy":"category","embeddable":true,"href":"https:\/\/www.best-dentist-dentistry.com\/de\/wp-json\/wp\/v2\/categories?post=31139"},{"taxonomy":"post_tag","embeddable":true,"href":"https:\/\/www.best-dentist-dentistry.com\/de\/wp-json\/wp\/v2\/tags?post=31139"}],"curies":[{"name":"wp","href":"https:\/\/api.w.org\/{rel}","templated":true}]}}