{"id":31145,"date":"2012-12-22T03:25:04","date_gmt":"2012-12-22T03:25:04","guid":{"rendered":null},"modified":"-0001-11-30T00:00:00","modified_gmt":"-0001-11-30T00:00:00","slug":"the-aecc-requests-health-colon-test-is-included-in-your-new-portfolio","status":"publish","type":"post","link":"https:\/\/www.best-dentist-dentistry.com\/de\/the-aecc-requests-health-colon-test-is-included-in-your-new-portfolio\/31145","title":{"rendered":"the aecc requests health colon test is included in your new portfolio"},"content":{"rendered":"<p class=\"first\"> Madrid, 7 nov (EFE).-der spanischen Vereinigung gegen Krebs (Aecc) hat in einem Brief an die Gruppe von Experten f\u00fcr screening-Programme f\u00fcr Krebs, welche trifft sich morgen im Ministerium f\u00fcr Gesundheit, zu bitten, dass Sie den Doppelpunkt im Portfolio der Dienstleistungen geh\u00f6ren zu testen, jetzt, da durch die Abteilung wird wiederholt, der Ana Mato. leitet<\/p>\n<p>in das Sendschreiben, das heute Efe Zugriff hat, \u00e4u\u00dferte der Pr\u00e4sident des Aecc, Isabel Oriol, &#8220;Besorgnis&#8221; \u00fcber ein Test, der &#8220;kritisch&#8221; im Kampf gegen Darmkrebs, da das Screening die Entwicklung dieser Tumor &#8220;in den meisten F\u00e4llen&#8221; verhindern w\u00fcrde.<\/p>\n<p>, beide Geschlechter, Darmkrebs ist der erste maligner Tumor Inzidenz und Mortalit\u00e4t, zweitens und 33.800 neue F\u00e4lle diagnostiziert, jedes Jahr und sterben j\u00e4hrlich in Spanien fast 15.000 Menschen durch ihre Ursache.<\/p>\n<p> &lt; p&gt; Spite these data &#8220;as alarming&#8221;, recalls Oriol, is a tumor that can be cured in 90% of cases if caught in early stages or in the form of premalignant lesions, and this can only be achieved implemented a program of screening population in whole Spain.<\/p>\n<p>the President of the Association stresses that scientific evidence has &#8220;amply&#8221; proved that early detection reduces mortality in the short term between 30% and 35%.<\/p>\n<p>in Spain this is equivalent to saving 3,600 lives each year, and at risk population screening programmes medium (50 and 69 years), contribute to reducing the incidence in the medium-long term.<\/p>\n<p>currently, alleges Oriol, only seven autonomous communities have implanted colon test programs and three programmes pilots, implying that only 14% of the population is Spanish in age of risk has access to this examination.<\/p>\n<p>the AECC-Beschwerde, die die Figur ist noch mehr reduziert, betrachten wir den tats\u00e4chlichen Grad der Programm-Abdeckung in den meisten der zehn Regionen.<\/p>\n<p>&#8220;in der Praxis nur die Bev\u00f6lkerung gef\u00e4hrdet das Baskenland und anderen autonomen Gemeinschaften, die Abdeckung wichtig innerhalb der Bev\u00f6lkerung und einen Zweck zu erreichen von 100 % auf kurze und mittlere Sicht schon verf\u00fcgt \u00fcber ein Screening-Programm; Dies zeigt eine klare Ungerechtigkeit&#8221;, sagt Oriol.<\/p>\n<p>seiner Meinung nach die Gr\u00fcnde, warum Darmkrebs-Screening-Programme sind nicht im ganzen Land implementiert, sind im Grunde &#8220;Schneiden wirtschaftlichen, nicht wissenschaftlich&#8221;.<\/p>\n<p>Pr\u00e4sident des Aecc anspielt, dass Bev\u00f6lkerung Screening durch die verborgenen ist, im Kot (immun-Methode)-Blut-Test, ein &#8220;billig&#8221; und &#8220;einfaches&#8221; Test, das kostet weniger als 2 Euro.<\/p>\n<p>Oriol Sie betonen, dass seine Verwendung in ein Screening-Programm &#8220;Speichern Leben, aber es nicht nur eine offensichtlichen Einsparungen f\u00fcr die Staatskassen w\u00e4re w\u00fcrde&#8221;.<\/p>\n<p>die durchschnittliche Kosten f\u00fcr die Behandlung von einem Darmkrebs in Spanien mehr als 27.000 Euro, eine Figur, die es &#8220;viel mehr&#8221; mit neuen biologischen Therapien und neoadjuvante und chirurgische Behandlungen metastasierendem erh\u00f6ht.<\/p>\n<p>&#8220;Wir glauben, dass es ein Recht der B\u00fcrger und eine unvermeidbare Pflicht des Staates zu betrachten die Einbeziehung der Fr\u00fcherkennung von Darmkrebs in gef\u00e4hrdeten Bev\u00f6lkerung innerhalb der gemeinsamen Dienste des nationalen Systems der Gesundheit-Portfolio&#8221;, Schloss der Pr\u00e4sident die Aecc.<\/p>\n","protected":false},"excerpt":{"rendered":"<p>Madrid, 7 nov (EFE).-der spanischen Vereinigung gegen Krebs (Aecc) hat in einem Brief an die Gruppe von Experten f\u00fcr screening-Programme f\u00fcr Krebs, welche trifft sich morgen im Ministerium f\u00fcr Gesundheit, zu bitten, dass Sie den Doppelpunkt im Portfolio der Dienstleistungen geh\u00f6ren zu testen, jetzt, da durch die Abteilung wird wiederholt, der Ana Mato. leitet in [&hellip;]<\/p>\n","protected":false},"author":1,"featured_media":0,"comment_status":"close","ping_status":"open","sticky":false,"template":"","format":"standard","meta":{"footnotes":""},"categories":[3],"tags":[],"class_list":["post-31145","post","type-post","status-publish","format-standard","hentry","category-allgemeine","et-doesnt-have-format-content","et_post_format-et-post-format-standard"],"_links":{"self":[{"href":"https:\/\/www.best-dentist-dentistry.com\/de\/wp-json\/wp\/v2\/posts\/31145","targetHints":{"allow":["GET"]}}],"collection":[{"href":"https:\/\/www.best-dentist-dentistry.com\/de\/wp-json\/wp\/v2\/posts"}],"about":[{"href":"https:\/\/www.best-dentist-dentistry.com\/de\/wp-json\/wp\/v2\/types\/post"}],"author":[{"embeddable":true,"href":"https:\/\/www.best-dentist-dentistry.com\/de\/wp-json\/wp\/v2\/users\/1"}],"replies":[{"embeddable":true,"href":"https:\/\/www.best-dentist-dentistry.com\/de\/wp-json\/wp\/v2\/comments?post=31145"}],"version-history":[{"count":0,"href":"https:\/\/www.best-dentist-dentistry.com\/de\/wp-json\/wp\/v2\/posts\/31145\/revisions"}],"wp:attachment":[{"href":"https:\/\/www.best-dentist-dentistry.com\/de\/wp-json\/wp\/v2\/media?parent=31145"}],"wp:term":[{"taxonomy":"category","embeddable":true,"href":"https:\/\/www.best-dentist-dentistry.com\/de\/wp-json\/wp\/v2\/categories?post=31145"},{"taxonomy":"post_tag","embeddable":true,"href":"https:\/\/www.best-dentist-dentistry.com\/de\/wp-json\/wp\/v2\/tags?post=31145"}],"curies":[{"name":"wp","href":"https:\/\/api.w.org\/{rel}","templated":true}]}}