{"id":31160,"date":"2012-12-22T03:34:11","date_gmt":"2012-12-22T03:34:11","guid":{"rendered":null},"modified":"-0001-11-30T00:00:00","modified_gmt":"-0001-11-30T00:00:00","slug":"afem-estimated-at-77-percent-participation-of-collective-medical-health-strike-in-madrid","status":"publish","type":"post","link":"https:\/\/www.best-dentist-dentistry.com\/de\/afem-estimated-at-77-percent-participation-of-collective-medical-health-strike-in-madrid\/31160","title":{"rendered":"afem estimated at 77 percent participation of collective medical health strike in madrid"},"content":{"rendered":"<p class=\"first\"> MADRID, 04 (EUROPA PRESS)<\/p>\n<p>La-Verband der \u00c4rzte Spezialisten der Gemeinschaft von Madrid (Afem) sch\u00e4tzt, dass die kollektive Gesundheit entsandt hat, um 77 Prozent die Gesundheit strike Dienstag, eine Figur, die \u00e4hnlich wie die Beteiligung.<\/p>\n<p>Gewerkschaften verschl\u00fcsselt Follow-up am dritten Tag der Gesundheit Generalstreik um 90 Prozent, was eine Erh\u00f6hung der Teilnahme an fr\u00fcheren Sitzungen darstellt, die auf die Emp\u00f6rung zugeschrieben worden, die in Gesundheitspersonal der Gesundheitsministerin, Javier Fern\u00e1ndez-Lasquetty, in seinem neuesten Aussagen \u00f6ffentlich. &#8220;Arroganz&#8221; generiert wurde<\/p>\n<p>wie von den Gewerkschaften der sektoralen Tabelle der Gesundheit, berichtet vom Abend verfolgt werden &#8220;Mehrheit&#8221;, vor allem in der Grundversorgung, die den Dienst, die T\u00e4tigkeit durch den Nachmittag. zugenommen hat<\/p>\n<p> &lt; p> La Consejer\u00eda de Sanidad De La Comunidad de Madrid ha Cifrado de el 16,85 Por Ciento el oppvaskb\u00f8rste De La Huelga del Sector de la Regi\u00f3n ein lo largo de Esta Jornada, Seg\u00fan ha andeuten Europa Press un Portavoz del \u00c1rea Que Dirige Javier Fern\u00e1ndez-Lasquetty.<\/p>\n<p>de Los Hospitales Se ha Situado En el 15,6 Por Ciento, Mientras Que de la Atenci\u00f3n Primaria Consejer\u00eda la Cifra el Dato de el 23,17 Por Ciento. En el Turno de Tarde, el oppvaskb\u00f8rste global Se Fij\u00f3 de el 13,67 Por Ciento, el 8,22 Por Ciento En Los Hospitales y el 25,06 Por Ciento de Atenci\u00f3n Primaria.<\/p>\n<p>Por Otro Lado, un Portavoz de Afem ha Indicado Que Facultativos De La Asociaci\u00f3n Han Realizado Una protesta de la Puerta del Sol, Coincidiendo con el D\u00eda Internacional De La Constituci\u00f3n, Abs. Protestar Contra las Medidas del Gobierno Regional. Tambi\u00e9n Han Estado presente de la protesta del Senado.<\/p>\n<p>En diesem Sinne haben bemerkt, dass \u00c4rzte aufgerufen waren, um Blut im Bus zu spenden, die in der Sonne liegt, aber es wurden detaillierte hat Sprecher, am Dienstag Wenn sie gekommen nicht in diesem Bereich war. <\/p>\n","protected":false},"excerpt":{"rendered":"<p>MADRID, 04 (EUROPA PRESS) La-Verband der \u00c4rzte Spezialisten der Gemeinschaft von Madrid (Afem) sch\u00e4tzt, dass die kollektive Gesundheit entsandt hat, um 77 Prozent die Gesundheit strike Dienstag, eine Figur, die \u00e4hnlich wie die Beteiligung. Gewerkschaften verschl\u00fcsselt Follow-up am dritten Tag der Gesundheit Generalstreik um 90 Prozent, was eine Erh\u00f6hung der Teilnahme an fr\u00fcheren Sitzungen darstellt, [&hellip;]<\/p>\n","protected":false},"author":1,"featured_media":0,"comment_status":"close","ping_status":"open","sticky":false,"template":"","format":"standard","meta":{"footnotes":""},"categories":[3],"tags":[],"class_list":["post-31160","post","type-post","status-publish","format-standard","hentry","category-allgemeine","et-doesnt-have-format-content","et_post_format-et-post-format-standard"],"_links":{"self":[{"href":"https:\/\/www.best-dentist-dentistry.com\/de\/wp-json\/wp\/v2\/posts\/31160","targetHints":{"allow":["GET"]}}],"collection":[{"href":"https:\/\/www.best-dentist-dentistry.com\/de\/wp-json\/wp\/v2\/posts"}],"about":[{"href":"https:\/\/www.best-dentist-dentistry.com\/de\/wp-json\/wp\/v2\/types\/post"}],"author":[{"embeddable":true,"href":"https:\/\/www.best-dentist-dentistry.com\/de\/wp-json\/wp\/v2\/users\/1"}],"replies":[{"embeddable":true,"href":"https:\/\/www.best-dentist-dentistry.com\/de\/wp-json\/wp\/v2\/comments?post=31160"}],"version-history":[{"count":0,"href":"https:\/\/www.best-dentist-dentistry.com\/de\/wp-json\/wp\/v2\/posts\/31160\/revisions"}],"wp:attachment":[{"href":"https:\/\/www.best-dentist-dentistry.com\/de\/wp-json\/wp\/v2\/media?parent=31160"}],"wp:term":[{"taxonomy":"category","embeddable":true,"href":"https:\/\/www.best-dentist-dentistry.com\/de\/wp-json\/wp\/v2\/categories?post=31160"},{"taxonomy":"post_tag","embeddable":true,"href":"https:\/\/www.best-dentist-dentistry.com\/de\/wp-json\/wp\/v2\/tags?post=31160"}],"curies":[{"name":"wp","href":"https:\/\/api.w.org\/{rel}","templated":true}]}}