{"id":31198,"date":"2012-12-22T03:41:44","date_gmt":"2012-12-22T03:41:44","guid":{"rendered":null},"modified":"-0001-11-30T00:00:00","modified_gmt":"-0001-11-30T00:00:00","slug":"famma-argues-that-few-people-with-disabilities-remain-excluded-payment-of-euro-for-the-recipe","status":"publish","type":"post","link":"https:\/\/www.best-dentist-dentistry.com\/de\/famma-argues-that-few-people-with-disabilities-remain-excluded-payment-of-euro-for-the-recipe\/31198","title":{"rendered":"Fama argumentiert, dass nur wenige Menschen mit Behinderungen ausgeschlossen Verg\u00fctung von Euro f\u00fcr das Rezept bleiben"},"content":{"rendered":"<p class=\"first\"> MADRID, 19 (EUROPA PRESS)<\/p>\n<p>La-Verband der Verb\u00e4nde von Menschen mit k\u00f6rperlichen Behinderungen und organische de Madrid (Fama) argumentiert, dass nur wenige Menschen mit Behinderungen-Verg\u00fctung von Euro pro Rezept in der Gemeinschaft ausgeschlossen.<\/p>\n<p>in einem Kommuniqu\u00e9, das Kollektiv versteht, dass der Plan der Ma\u00dfnahmen der Garantien der Nachhaltigkeit gibt an, dass Menschen mit Behinderungen in der &#8220;spezifischen&#8221;-Regel genannten befreit, werden also nicht alle ausgeschlossen werden sollen.<\/p>\n<p>&#8220;Wenn nichts es verhindert, diese Ma\u00dfnahme wird durchgef\u00fchrt in der Gemeinschaft am 1. Januar 2013, und bilden eine Tafel in die marode Wirtschaft der Bev\u00f6lkerung im allgemeinen und von Tausenden von Menschen mit Behinderungen insbesondere aufgrund ihrer gr\u00f6\u00dferen Bedarf, wenn es um Medikamente zur Behandlung von Problemen, die aufgrund ihrer Behinderung besuchen kommt&#8221;, hinzugef\u00fcgt Fama.<\/p>\n<p>beiseite, darauf bestehen, dass die Landesregierung diesen Punkt und sagen, dass die B\u00fcrger mit Behinderungen, die &#8220;diesen&#8221;neuen Streik in die Taschen der schw\u00e4chsten &rsquo;&rsquo; gef\u00fchrt&#8221;verdeutlicht werden sollte.<\/p>\n","protected":false},"excerpt":{"rendered":"<p>MADRID, 19 (EUROPA PRESS) La-Verband der Verb\u00e4nde von Menschen mit k\u00f6rperlichen Behinderungen und organische de Madrid (Fama) argumentiert, dass nur wenige Menschen mit Behinderungen-Verg\u00fctung von Euro pro Rezept in der Gemeinschaft ausgeschlossen. in einem Kommuniqu\u00e9, das Kollektiv versteht, dass der Plan der Ma\u00dfnahmen der Garantien der Nachhaltigkeit gibt an, dass Menschen mit Behinderungen in der [&hellip;]<\/p>\n","protected":false},"author":1,"featured_media":0,"comment_status":"close","ping_status":"open","sticky":false,"template":"","format":"standard","meta":{"footnotes":""},"categories":[3],"tags":[41483,41482],"class_list":["post-31198","post","type-post","status-publish","format-standard","hentry","category-allgemeine","tag-ausgeschlossen-vergtung","tag-fama","et-doesnt-have-format-content","et_post_format-et-post-format-standard"],"_links":{"self":[{"href":"https:\/\/www.best-dentist-dentistry.com\/de\/wp-json\/wp\/v2\/posts\/31198","targetHints":{"allow":["GET"]}}],"collection":[{"href":"https:\/\/www.best-dentist-dentistry.com\/de\/wp-json\/wp\/v2\/posts"}],"about":[{"href":"https:\/\/www.best-dentist-dentistry.com\/de\/wp-json\/wp\/v2\/types\/post"}],"author":[{"embeddable":true,"href":"https:\/\/www.best-dentist-dentistry.com\/de\/wp-json\/wp\/v2\/users\/1"}],"replies":[{"embeddable":true,"href":"https:\/\/www.best-dentist-dentistry.com\/de\/wp-json\/wp\/v2\/comments?post=31198"}],"version-history":[{"count":0,"href":"https:\/\/www.best-dentist-dentistry.com\/de\/wp-json\/wp\/v2\/posts\/31198\/revisions"}],"wp:attachment":[{"href":"https:\/\/www.best-dentist-dentistry.com\/de\/wp-json\/wp\/v2\/media?parent=31198"}],"wp:term":[{"taxonomy":"category","embeddable":true,"href":"https:\/\/www.best-dentist-dentistry.com\/de\/wp-json\/wp\/v2\/categories?post=31198"},{"taxonomy":"post_tag","embeddable":true,"href":"https:\/\/www.best-dentist-dentistry.com\/de\/wp-json\/wp\/v2\/tags?post=31198"}],"curies":[{"name":"wp","href":"https:\/\/api.w.org\/{rel}","templated":true}]}}