{"id":31227,"date":"2012-12-23T02:26:19","date_gmt":"2012-12-23T02:26:19","guid":{"rendered":null},"modified":"-0001-11-30T00:00:00","modified_gmt":"-0001-11-30T00:00:00","slug":"three-ministers-and-the-attorney-general-of-the-state-will-meet-with-associations-of-stolen-children","status":"publish","type":"post","link":"https:\/\/www.best-dentist-dentistry.com\/de\/three-ministers-and-the-attorney-general-of-the-state-will-meet-with-associations-of-stolen-children\/31227","title":{"rendered":"three ministers and the attorney general of the state will meet with associations of stolen children"},"content":{"rendered":"<p class=\"first\"> <span class=\"yshortcuts\" id=\"lw_1333366600_0\"> Madrid<\/span>, 2 <span class=\"yshortcuts\" id=\"lw_1333366600_1\"> APR<\/span> (<span class=\"yshortcuts\" id=\"lw_1333366600_2\"> EFE<\/span>)-die <span class=\"yshortcuts\" id=\"lw_1333366600_3\"> Minister<\/span> f\u00fcr Inneres, Justiz und <span class=\"yshortcuts\" id=\"lw_1333366600_4\"> Gesundheit<\/span>, <span class=\"yshortcuts\" id=\"lw_1333366600_5\"> Jorge Fern\u00e1ndez<\/span>, <span class=\"yshortcuts\" id=\"lw_1333366600_6\"> Alberto Ruiz-Gallard\u00f3n<\/span> und <span class=\"yshortcuts\" id=\"lw_1333366600_7\"> Ana Mato<\/span>, bzw. Zus\u00e4tzlich zu den Zustand <span class=\"yshortcuts\" id=\"lw_1333366600_8\"> des Attorney General<\/span>, Eduardo Torres-Dulce, Treffen am 12. April mit den Verb\u00e4nden der betroffenen die Ursache f\u00fcr die &#8220;gestohlenen Kinder&#8221;. &lt; \/p &gt; <\/p>\n<p>, so dass die Quellen der Gerechtigkeit, die darauf hingewiesen haben, Efe best\u00e4tigt haben, dass dieses Treffen der &#8220;high Level&#8221; reagiert auf das Engagement der Gesch\u00e4ftsleitung mit den betroffenen von dieser Sache, das zeigen ihre Bereitschaft, ihnen zuzuh\u00f6ren und ihnen helfen m\u00f6chte.<\/p>\n<p>die Sitzung, die in den Palast von Parcent, Sitz des Justizministeriums, stattfinden wird ist die zweite, die die Regierung mit den Verb\u00e4nden, seit den letzten behauptet 10 Februar der Staatssekret\u00e4r f\u00fcr Justiz, Fernando Rom\u00e1n, bereits einen ersten Touchdown mit ihnen hielt.<\/p>\n<p>Gallardon schrieb am 6. M\u00e4rz im Senat, die &#8220;absolute Priorit\u00e4t&#8221; f\u00fcr den Fall der &#8220;gestohlenen Kinder&#8221; gegeben hat, Ausweichen &#8220;kollidieren frontal&#8221; mit dem Modell der Gesellschaft, die die Exekutive, zur Zeit verteidigt, die verworfen, weil er sagte, jeder Verantwortung.<\/p>\n<p>der Minister auch betont, die in Kontakt mit dem Ministerium des Innern machen die Sicherheitskr\u00e4fte zu untersuchen, da die Tatsache, das die Gerichte sagen, wenn Straftaten oder nicht vorgeschrieben sind, bedeutet nicht, dass sie die polizeilichen Ermittlungen &#8220;in Bezug auf die Suche nach objektiver Wahrheit&#8221; durchgef\u00fchrt.<\/p>\n<p>darauf hingewiesen, dass die Justiz arbeiten mit der spanischen Agentur des Schutzes der Daten bereits begonnen hat, die &#8220;so bald wie m\u00f6glich&#8221; ausstellt ein technischer Bericht \u00fcber die rechtlichen M\u00f6glichkeiten des Zugriffs auf die Dateien f\u00fcr die Suche nach der &#8220;gestohlenen Kinder&#8221; lernen.<\/p>\n<p>Betonte auch, dass dieser Arbeitsgruppe des Ministeriums f\u00fcr Gesundheit, soziale Dienste und Gleichheit &#8220;, eine weitere M\u00f6glichkeit der Zusammenarbeit gegeben, die Implikation in Bezug auf Leistung in Kliniken und Krankenh\u00e4usern zu \u00f6ffnen&#8221; aufgenommen werden w\u00fcrde.<\/p>\n<p>gebeten, die General Staatsanwaltschaft eine Machbarkeitsanalyse \u00fcber die M\u00f6glichkeit zur Festlegung von Leitlinien des Handelns in allen F\u00e4llen eine allgemeine Unterrichtssprache an der provinziellen Staatsanw\u00e4lte adressiert.<\/p>\n","protected":false},"excerpt":{"rendered":"<p>Madrid, 2 APR ( EFE)-die Minister f\u00fcr Inneres, Justiz und Gesundheit, Jorge Fern\u00e1ndez, Alberto Ruiz-Gallard\u00f3n und Ana Mato, bzw. Zus\u00e4tzlich zu den Zustand des Attorney General, Eduardo Torres-Dulce, Treffen am 12. April mit den Verb\u00e4nden der betroffenen die Ursache f\u00fcr die &#8220;gestohlenen Kinder&#8221;. &lt; \/p &gt; , so dass die Quellen der Gerechtigkeit, die darauf [&hellip;]<\/p>\n","protected":false},"author":1,"featured_media":0,"comment_status":"close","ping_status":"open","sticky":false,"template":"","format":"standard","meta":{"footnotes":""},"categories":[3],"tags":[],"class_list":["post-31227","post","type-post","status-publish","format-standard","hentry","category-allgemeine","et-doesnt-have-format-content","et_post_format-et-post-format-standard"],"_links":{"self":[{"href":"https:\/\/www.best-dentist-dentistry.com\/de\/wp-json\/wp\/v2\/posts\/31227","targetHints":{"allow":["GET"]}}],"collection":[{"href":"https:\/\/www.best-dentist-dentistry.com\/de\/wp-json\/wp\/v2\/posts"}],"about":[{"href":"https:\/\/www.best-dentist-dentistry.com\/de\/wp-json\/wp\/v2\/types\/post"}],"author":[{"embeddable":true,"href":"https:\/\/www.best-dentist-dentistry.com\/de\/wp-json\/wp\/v2\/users\/1"}],"replies":[{"embeddable":true,"href":"https:\/\/www.best-dentist-dentistry.com\/de\/wp-json\/wp\/v2\/comments?post=31227"}],"version-history":[{"count":0,"href":"https:\/\/www.best-dentist-dentistry.com\/de\/wp-json\/wp\/v2\/posts\/31227\/revisions"}],"wp:attachment":[{"href":"https:\/\/www.best-dentist-dentistry.com\/de\/wp-json\/wp\/v2\/media?parent=31227"}],"wp:term":[{"taxonomy":"category","embeddable":true,"href":"https:\/\/www.best-dentist-dentistry.com\/de\/wp-json\/wp\/v2\/categories?post=31227"},{"taxonomy":"post_tag","embeddable":true,"href":"https:\/\/www.best-dentist-dentistry.com\/de\/wp-json\/wp\/v2\/tags?post=31227"}],"curies":[{"name":"wp","href":"https:\/\/api.w.org\/{rel}","templated":true}]}}