{"id":3124,"date":"2012-01-12T18:02:30","date_gmt":"2012-01-12T18:02:30","guid":{"rendered":null},"modified":"-0001-11-30T00:00:00","modified_gmt":"-0001-11-30T00:00:00","slug":"the-cecova-and-nursing-schools-are-meeting-with-luis-rosado-to-address-the-largest-cut-wages-and-loss-of-rights-at-work-in-the-history-of-nursing","status":"publish","type":"post","link":"https:\/\/www.best-dentist-dentistry.com\/de\/the-cecova-and-nursing-schools-are-meeting-with-luis-rosado-to-address-the-largest-cut-wages-and-loss-of-rights-at-work-in-the-history-of-nursing\/3124","title":{"rendered":"Die CECOVA und Krankenpflege Schulen Treffen mit Luis Rosado &#8220;der gr\u00f6\u00dfte geschliffene L\u00f6hne und Verlust der Rechte bei der Arbeit in der Geschichte der Krankenpflege&#8221;."},"content":{"rendered":"<p><strong>El CECOVA und Krankenpflege Schulen Treffen mit Luis Rosado an Adresse  die gr\u00f6\u00dfte Schnitt L\u00f6hne und Verlust der Rechte bei der Arbeit in der Geschichte der Krankenpflege &#8221;. <\/p>\n<p><font size=\"2\"> Stiftskirche Krankenpflege Vereinigungen halten eine Runde von Kontakten mit Gesundheitswesen Gewerkschaften nach gemeinsam alternative L\u00f6sungen f\u00fcr das Ausschneiden. suchen <br \/><\/strong> <br \/><font size=\"2\"> <strong>Valencia, Januar 2012.-<\/strong> Rates der Pflege der Comunitat Valenciana (CECOVA) und offizielle Colleges der Krankenpflege in Valencia, Castell\u00f3n und Alicante haben angefordert halten dringend Interview mit dem Minister f\u00fcr Gesundheit, Luis Rosado, zum Ausdruck bringen die  Unbehagen &#8221; die kollektive Krankenschwester durch Decreto legislativo 1\/2012 der dringende Ma\u00dfnahmen zur Reduzierung des Defizits in der Generalitat Valenciana, die  der gr\u00f6\u00dfte geschliffene L\u00f6hne und Verlust der Rechte bei der Arbeit in der Geschichte der Krankenpflege &#8221;. <\/p>\n<p>In Antwort, der Pr\u00e4sident der CECOVA, Jos\u00e9 Antonio Avila und kollegialen Pr\u00e4sidenten der Pflege von Valencia, Castell\u00f3n und Alicante, Juan Jos\u00e9 Tirado, Francisco j. Paar und Bethlehem Pay\u00e1, bzw. halten auch eine Runde von Kontakten mit Gesundheitswesen Gewerkschaften in die Autonome Gemeinschaft Valencia f\u00fcr  bieten ihre Zusammenarbeit bei der Suche nach alternativen L\u00f6sungen, die vom Rat ohne vorherige Dialog und Konsens mit den Vertretern der Professional und gewerkschaftlichen Organisationen der Gesundheit &#8221;. <\/p>\n<p> \u00c1vila angek\u00fcndigt, dass die Organisation autonome College der Krankenpflege  bem\u00fchen, die Zusammenarbeit mit anderen Berufsgruppen, Ablehnung von Lohnk\u00fcrzungen zum Ausdruck bringen und Arbeit Rechte Ma\u00dfnahmen von der Gesundheitsverwaltung mit einer einzigen Stimme &#8221;. Restriktive Ma\u00dfnahmen, die direkt den Niedergang der die Qualit\u00e4t der Pflege erhalten von den Nutzern der valencianischen Gesundheit beeinflussen k\u00f6nnen. <\/p>\n<p>  Union ist St\u00e4rke und ist die Zeit, die alle Professional und Gewerkschaft Kr\u00e4fte, in viel zu vereinen, ohne Pr\u00e4zedenzfall und Ma\u00dfnahmen Auswirkungen auf die kollektive Gesundheit geschnitten &#8221;, versichert der Pr\u00e4sident von CECOVA. <\/p>\n<p><\/font><\/font><\/p>\n","protected":false},"excerpt":{"rendered":"<p>El CECOVA und Krankenpflege Schulen Treffen mit Luis Rosado an Adresse die gr\u00f6\u00dfte Schnitt L\u00f6hne und Verlust der Rechte bei der Arbeit in der Geschichte der Krankenpflege &#8221;. Stiftskirche Krankenpflege Vereinigungen halten eine Runde von Kontakten mit Gesundheitswesen Gewerkschaften nach gemeinsam alternative L\u00f6sungen f\u00fcr das Ausschneiden. suchen Valencia, Januar 2012.- Rates der Pflege der Comunitat [&hellip;]<\/p>\n","protected":false},"author":1,"featured_media":0,"comment_status":"close","ping_status":"open","sticky":false,"template":"","format":"standard","meta":{"footnotes":""},"categories":[3],"tags":[10667,10665,10664,10668,10666],"class_list":["post-3124","post","type-post","status-publish","format-standard","hentry","category-allgemeine","tag-brstiftskirche","tag-geschliffene","tag-klte","tag-kontakten","tag-lhne","et-doesnt-have-format-content","et_post_format-et-post-format-standard"],"_links":{"self":[{"href":"https:\/\/www.best-dentist-dentistry.com\/de\/wp-json\/wp\/v2\/posts\/3124","targetHints":{"allow":["GET"]}}],"collection":[{"href":"https:\/\/www.best-dentist-dentistry.com\/de\/wp-json\/wp\/v2\/posts"}],"about":[{"href":"https:\/\/www.best-dentist-dentistry.com\/de\/wp-json\/wp\/v2\/types\/post"}],"author":[{"embeddable":true,"href":"https:\/\/www.best-dentist-dentistry.com\/de\/wp-json\/wp\/v2\/users\/1"}],"replies":[{"embeddable":true,"href":"https:\/\/www.best-dentist-dentistry.com\/de\/wp-json\/wp\/v2\/comments?post=3124"}],"version-history":[{"count":0,"href":"https:\/\/www.best-dentist-dentistry.com\/de\/wp-json\/wp\/v2\/posts\/3124\/revisions"}],"wp:attachment":[{"href":"https:\/\/www.best-dentist-dentistry.com\/de\/wp-json\/wp\/v2\/media?parent=3124"}],"wp:term":[{"taxonomy":"category","embeddable":true,"href":"https:\/\/www.best-dentist-dentistry.com\/de\/wp-json\/wp\/v2\/categories?post=3124"},{"taxonomy":"post_tag","embeddable":true,"href":"https:\/\/www.best-dentist-dentistry.com\/de\/wp-json\/wp\/v2\/tags?post=3124"}],"curies":[{"name":"wp","href":"https:\/\/api.w.org\/{rel}","templated":true}]}}