{"id":31242,"date":"2012-12-23T02:29:23","date_gmt":"2012-12-23T02:29:23","guid":{"rendered":null},"modified":"-0001-11-30T00:00:00","modified_gmt":"-0001-11-30T00:00:00","slug":"black-cherry-defends-reform-package-that-rajoy-makes-forconviction-in-catalonia","status":"publish","type":"post","link":"https:\/\/www.best-dentist-dentistry.com\/de\/black-cherry-defends-reform-package-that-rajoy-makes-forconviction-in-catalonia\/31242","title":{"rendered":"black cherry defends reform package that rajoy makes forconviction in catalonia"},"content":{"rendered":"<p class=\"first\"> gesteht, dass vor <span class=\"yshortcuts\" id=\"lw_1334160947_0\"> ein paar Monaten<\/span> weniger pessimistisch und positive in 2013 Wachstum prognostiziert<\/p>\n<p><span class=\"yshortcuts\" id=\"lw_1334160947_1\"> BARCELONA<\/span>, 11 (<span class=\"yshortcuts\" id=\"lw_1334160947_2\"> EUROPA PRESS<\/span>)<\/p>\n<p>der <span class=\"yshortcuts\" id=\"lw_1334160947_3\"> Minister f\u00fcr Wirtschaft<\/span> und Wettbewerbsf\u00e4higkeit, Luis De Guindos, Mittwoch verteidigte das Paket von Reformen, die die Regierung durchgef\u00fchrt hat und hat daf\u00fcr gesorgt, dass sowohl Reformen und Budgets hat sie gemacht &#8220;aus eigenen \u00dcberzeugung und nicht durch Druck der M\u00e4rkte oder weil es aus auferlegt wurde au\u00dferhalb&#8221;.<\/p>\n<p>De Guindos hatte in einem Almuerzo Coloquio in Fomento del Trabajo, bekr\u00e4ftigte, dass Spanien eine Reform des Gesundheitswesens und der Bildung zu gew\u00e4hrleisten braucht ihre Sostenibilidad ein largo proc\u00e9dure, Por lo Que ha Defendido el Recorte de 10.000 Millones de Euro Que Anunci\u00f3 el Gobierno el Lunes de un Comunicado de Prensa.<\/p>\n<p>Ha Asegurado Que Todas Las Reformas, Incluida la Sanitaria y De La Educaci\u00f3n, Forman Parte de Una Hoja de Ruta del Ejecutivo y Que kein Se Hacen &#8220;Absoluto de, Por Imposici\u00f3n&#8221;, die Aunque ha Admitido Que &#8220;Puede Haber Fallado la Comunicaci\u00f3n&#8221;.<\/p>\n<p>Seg\u00fan De Guindos, la \u00danica Alternativa Para Garantizar Una Sanidad P\u00fablica universal de Calidad y Sostenible es &#8220;Avanzar de el Proceso de Racionalizaci\u00f3n&#8221;, Porque Si Nein, ha Asegurado, es un Sistema inviable.<\/p>\n<p>&#8220;Lo Que Hemos Tenido Hasta Ahora \u00c4ra Una Situaci\u00f3n Muy Dif\u00edcil de Mantener de el Futuro. Si Queremos Servicios P\u00fablicos de Calidad, es Necesario Que Hagamos Reformas&#8221; ha A\u00f1adido.<\/p>\n<p>&#8220;Los Principales Enemigos del Sistema P\u00fablico de Servicios Sohn Los Que Se Niegan a Hacer Reformas&#8221;, ha Zanjado.<\/p>\n<p>DEFENSA DE LA REFORMA LABORAL<\/p>\n<p>El Minister f\u00fcr Wirtschaft hat auch die Reform der Arbeit verteidigt, und ermutigte Unternehmer machen Gebrauch davon zur Schaffung von Arbeitspl\u00e4tzen, da er gefunden wurde, dass der Staat kann do.<\/p>\n<p>&#8220;haben noch nie in den letzten Jahrzehnten gegeben, so viele M\u00f6glichkeiten zur Besch\u00e4ftigung erstellen sie nutzen und sie verwenden&#8221;, sagte vor hundert Pers\u00f6nlichkeiten des Unternehmertums Katalanisch.<\/p>\n<p>an das Mittagessen inbegriffen, Pr\u00e4sident der Fomento del Trabajo, Joaquim Montella Gay, Generaldirektor der La Caixa, Juan Mar\u00eda Nin; der Pr\u00e4sident Abertis, Salvador Alemany; the President of the Barcelona Stock Exchange, Joan Hortal\u00e0, and the President of the Spanish Association of Directors (AED), Ramon Adell.<\/p>\n<p>also attended political personalities as the Minister of economy and knowledge, Andreu Mas-Colell; the President of the catalan, PP Alicia S\u00e1nchez-Camacho, and the special delegate of the State at the Consorcio de la Zona Franca, Jordi Cornet.<\/p>\n<p>Less PESSIMISTIC<\/p>\n<p>De Guindos has stated that the Government maintains forecast of negative growth of 1.7% of GDP for this year, but has been more optimistic than a few months ago.<\/p>\n<p>&#8220;a few months ago we had hoped that the first quarter of this year would have been more negative, but the impression we have now isn&rsquo;t as well. will undoubtedly continue the destruction of employment, but it will not follow the intense acceleration that we live since the middle of last year&#8221;, has argued.<\/p>\n<p> &lt; p&gt; Festgestellt, dass es beginnt, eine Stabilisierung des Verfalls in Spanien zu sehen, was wird im kommenden Jahr Rekordwachstum&#8221;etwas Positives&#8221; zu erm\u00f6glichen.<\/p>\n<p>&#8220;Reformen, fr\u00fcher als sp\u00e4ter, machen seine Wirkung. Ich bin davon \u00fcberzeugt, dass die Sonne &#8220;, schloss er.<\/p>\n","protected":false},"excerpt":{"rendered":"<p>gesteht, dass vor ein paar Monaten weniger pessimistisch und positive in 2013 Wachstum prognostiziert BARCELONA, 11 ( EUROPA PRESS) der Minister f\u00fcr Wirtschaft und Wettbewerbsf\u00e4higkeit, Luis De Guindos, Mittwoch verteidigte das Paket von Reformen, die die Regierung durchgef\u00fchrt hat und hat daf\u00fcr gesorgt, dass sowohl Reformen und Budgets hat sie gemacht &#8220;aus eigenen \u00dcberzeugung und [&hellip;]<\/p>\n","protected":false},"author":1,"featured_media":0,"comment_status":"close","ping_status":"open","sticky":false,"template":"","format":"standard","meta":{"footnotes":""},"categories":[3],"tags":[],"class_list":["post-31242","post","type-post","status-publish","format-standard","hentry","category-allgemeine","et-doesnt-have-format-content","et_post_format-et-post-format-standard"],"_links":{"self":[{"href":"https:\/\/www.best-dentist-dentistry.com\/de\/wp-json\/wp\/v2\/posts\/31242","targetHints":{"allow":["GET"]}}],"collection":[{"href":"https:\/\/www.best-dentist-dentistry.com\/de\/wp-json\/wp\/v2\/posts"}],"about":[{"href":"https:\/\/www.best-dentist-dentistry.com\/de\/wp-json\/wp\/v2\/types\/post"}],"author":[{"embeddable":true,"href":"https:\/\/www.best-dentist-dentistry.com\/de\/wp-json\/wp\/v2\/users\/1"}],"replies":[{"embeddable":true,"href":"https:\/\/www.best-dentist-dentistry.com\/de\/wp-json\/wp\/v2\/comments?post=31242"}],"version-history":[{"count":0,"href":"https:\/\/www.best-dentist-dentistry.com\/de\/wp-json\/wp\/v2\/posts\/31242\/revisions"}],"wp:attachment":[{"href":"https:\/\/www.best-dentist-dentistry.com\/de\/wp-json\/wp\/v2\/media?parent=31242"}],"wp:term":[{"taxonomy":"category","embeddable":true,"href":"https:\/\/www.best-dentist-dentistry.com\/de\/wp-json\/wp\/v2\/categories?post=31242"},{"taxonomy":"post_tag","embeddable":true,"href":"https:\/\/www.best-dentist-dentistry.com\/de\/wp-json\/wp\/v2\/tags?post=31242"}],"curies":[{"name":"wp","href":"https:\/\/api.w.org\/{rel}","templated":true}]}}