{"id":31347,"date":"2012-12-23T03:18:30","date_gmt":"2012-12-23T03:18:30","guid":{"rendered":null},"modified":"-0001-11-30T00:00:00","modified_gmt":"-0001-11-30T00:00:00","slug":"the-use-of-tanning-beds-is-still-common-in-germany","status":"publish","type":"post","link":"https:\/\/www.best-dentist-dentistry.com\/de\/the-use-of-tanning-beds-is-still-common-in-germany\/31347","title":{"rendered":"the use of tanning beds is still common in germany"},"content":{"rendered":"<p class=\"first\"> NUEVA YORK (Reuters Health) &#8211; Cuatro de Cada 10 Alemanes de<\/p>\n<p>Entre 14 y 45 A\u00f1os Admiten Que Utilizaron Cama solar y Uno de<\/p>\n<p>Cada Siete la Usa Actualmente.<\/p>\n<p>En el 2009, Alemania Promulg\u00f3 Una Ley Que Proh\u00edbe Que Los<\/p>\n<p>Menores de Edad Utilicen las Camas Solares. Aun As\u00ed, el 5 Por<\/p>\n<p>Ciento de Los Mr de Entre 14 y 17 A\u00f1os de Una<\/p>\n<p>Encuesta Realizada de el 2011 y el 2012 Dijo Que las Hab\u00eda<\/p>\n<p>ele el A\u00f1o anterior.<\/p>\n<p>&#8220;Desafortunadamente, Esto kein Nos Sorprende Porque es Una<\/p>\n<p>Pr\u00e1ctica Muy Com\u00fan&#8221;, Dijo la Doctora Sophie J. Balk, Pediatra<\/p>\n<p>del Hospital de Ni\u00f1os de Montefiore, de Estados Unidos, Quien kein<\/p>\n<p>Particip\u00f3 del Estudio.<\/p>\n<p>En el 2011, Balk Particip\u00f3 De La Redacci\u00f3n del Borrador de<\/p>\n<p>Una Declaraci\u00f3n De La Academia Estadounidense de Pediatria Abs.<\/p>\n<p>Prohibir de el Pa\u00eds Que Los Menores Utilicen la Cama solar.<\/p>\n<p> < p> Record\u00f3 Que un Estudio de el 2009 Hall\u00f3 Que M\u00e1s str\u00e4uben del 15<\/p>\n<p>Por Ciento de Los Estudiantes Secundarios Hab\u00eda Concurrido a un<\/p>\n<p>Sal\u00f3n de Bronceado el A\u00f1o anterior.<\/p>\n<p>&#8220;Lo M\u00e1s Alarmante es Que Casi el 50 Por Ciento de Los<\/p>\n<p>Usuarios de Esos Salones Hab\u00eda Concurrido Por lo Menos 10<\/p>\n<p>Veces&#8221;, Dijo la Especialista Reuters Health.<\/p>\n<p>En el 2009, la Organizaci\u00f3n Mundial De La Salud Clasific\u00f3<\/p>\n<p>las Camas Solares Como Cancer\u00edgenas y Distintos Estudios<\/p>\n<p>Asociaron Su uso Con un Peque\u00f1o Aumento De La Frecuencia del<\/p>\n<p>Melanom, el Neuroendocrinolog\u00eda de Piel M\u00e1s letal.<\/p>\n<p>Los Centros Para el Control y la Prevenci\u00f3n de Enfermedades<\/p>\n<p>de Estados Unidos (CDC Por Su Sigla En alem\u00e1n) Estiman Que Cada<\/p>\n<p>A\u00f1o Se Diagnostican M\u00e1s de un Mill\u00f3n de Tumores de Piel de el<\/p>\n<p>Pa\u00eds, la Mayor\u00eda Sohn Por la Exposici\u00f3n al Sol<\/p>\n<p> < p&gt; One of every 50 Caucasian people develop melanoma and the<\/p>\n<p>number increased each year, in the last three decades. a few<\/p>\n<p>8,700 Americans die from the disease.<\/p>\n<p>Germany survey, carried out by Sven Schneider, of the<\/p>\n<p>University of Heidelberg, Mannheim, was carried out with<\/p>\n<p>interviews telephone 4.851 people, according to published the<\/p>\n<p>team in Archives of Dermatology.<\/p>\n<p>participants responded that they used beds<\/p>\n<p>plots as a form of relaxation and to see more<\/p>\n<p>attractions.<\/p>\n<p>Balk said which, in United States, regulation of the<\/p>\n<p>tanning salons artificial varies widely from one State to<\/p>\n<p>another, from unrestricted access until the ban of the<\/p>\n<p>access to minors.<\/p>\n<p>industry remains opposed to new regulations, but<\/p>\n<p> < p&gt; Balk glaubte, ein Bundesgesetz ben\u00f6tigen, die Zugriff verbietet<\/p>\n<p>von Minderj\u00e4hrigen zu sch\u00fctzen, wie es der Fall mit dem Tabak ist<\/p>\n<p>Quelle: Archives of Dermatology, online 15. Oktober von der<\/p>\n<p>2012<\/p>\n","protected":false},"excerpt":{"rendered":"<p>NUEVA YORK (Reuters Health) &#8211; Cuatro de Cada 10 Alemanes de Entre 14 y 45 A\u00f1os Admiten Que Utilizaron Cama solar y Uno de Cada Siete la Usa Actualmente. En el 2009, Alemania Promulg\u00f3 Una Ley Que Proh\u00edbe Que Los Menores de Edad Utilicen las Camas Solares. Aun As\u00ed, el 5 Por Ciento de Los [&hellip;]<\/p>\n","protected":false},"author":1,"featured_media":0,"comment_status":"close","ping_status":"open","sticky":false,"template":"","format":"standard","meta":{"footnotes":""},"categories":[3],"tags":[],"class_list":["post-31347","post","type-post","status-publish","format-standard","hentry","category-allgemeine","et-doesnt-have-format-content","et_post_format-et-post-format-standard"],"_links":{"self":[{"href":"https:\/\/www.best-dentist-dentistry.com\/de\/wp-json\/wp\/v2\/posts\/31347","targetHints":{"allow":["GET"]}}],"collection":[{"href":"https:\/\/www.best-dentist-dentistry.com\/de\/wp-json\/wp\/v2\/posts"}],"about":[{"href":"https:\/\/www.best-dentist-dentistry.com\/de\/wp-json\/wp\/v2\/types\/post"}],"author":[{"embeddable":true,"href":"https:\/\/www.best-dentist-dentistry.com\/de\/wp-json\/wp\/v2\/users\/1"}],"replies":[{"embeddable":true,"href":"https:\/\/www.best-dentist-dentistry.com\/de\/wp-json\/wp\/v2\/comments?post=31347"}],"version-history":[{"count":0,"href":"https:\/\/www.best-dentist-dentistry.com\/de\/wp-json\/wp\/v2\/posts\/31347\/revisions"}],"wp:attachment":[{"href":"https:\/\/www.best-dentist-dentistry.com\/de\/wp-json\/wp\/v2\/media?parent=31347"}],"wp:term":[{"taxonomy":"category","embeddable":true,"href":"https:\/\/www.best-dentist-dentistry.com\/de\/wp-json\/wp\/v2\/categories?post=31347"},{"taxonomy":"post_tag","embeddable":true,"href":"https:\/\/www.best-dentist-dentistry.com\/de\/wp-json\/wp\/v2\/tags?post=31347"}],"curies":[{"name":"wp","href":"https:\/\/api.w.org\/{rel}","templated":true}]}}