{"id":31377,"date":"2012-12-23T03:37:22","date_gmt":"2012-12-23T03:37:22","guid":{"rendered":null},"modified":"-0001-11-30T00:00:00","modified_gmt":"-0001-11-30T00:00:00","slug":"unions-of-the-sectoral-table-and-counseling-meet-tomorrow-to-discuss-the-conflict-in-healthcare","status":"publish","type":"post","link":"https:\/\/www.best-dentist-dentistry.com\/de\/unions-of-the-sectoral-table-and-counseling-meet-tomorrow-to-discuss-the-conflict-in-healthcare\/31377","title":{"rendered":"unions of the sectoral table and counseling meet tomorrow to discuss the conflict in healthcare"},"content":{"rendered":"<p class=\"first\"> MADRID, 12 (EUROPA PRESS)<\/p>\n<p>unions with representation of the sectoral table (SATSE, CCOO, CSIT-UP, UGT, AMYTS and USAE), as well as CSIF will meet this Thursday with the human resources Directorate to analyze the conflict generated by the strike have been convened to workforce week coming.<\/p>\n<p>as a spokesman for the Department who directs Javier Fern\u00e1ndez-Lasquetty has detailed, the meeting will be maintained between the director general of human resources counseling with unions that support the work stoppages planned for on 19 and 20 December.<\/p>\n<p>one of the objectives of the meeting is to set the minimum for the calls of the day services Wednesday 19 to staff in Madrid public hospitals and those fixed for the day 20, intended for employees of the centers of primary care, Summa 112 and the own Ministry of health workers.<\/p>\n<p>by anderen Seite sitzen Union Professional berichtete k\u00fcrzlich auch ihre Pl\u00e4ne Tagen des Streiks unter den Arbeitern der Gesundheit in der Region f\u00fcr 17 und 18 Dezember einberufen.<\/p>\n","protected":false},"excerpt":{"rendered":"<p>MADRID, 12 (EUROPA PRESS) unions with representation of the sectoral table (SATSE, CCOO, CSIT-UP, UGT, AMYTS and USAE), as well as CSIF will meet this Thursday with the human resources Directorate to analyze the conflict generated by the strike have been convened to workforce week coming. as a spokesman for the Department who directs Javier [&hellip;]<\/p>\n","protected":false},"author":1,"featured_media":0,"comment_status":"close","ping_status":"open","sticky":false,"template":"","format":"standard","meta":{"footnotes":""},"categories":[3],"tags":[],"class_list":["post-31377","post","type-post","status-publish","format-standard","hentry","category-allgemeine","et-doesnt-have-format-content","et_post_format-et-post-format-standard"],"_links":{"self":[{"href":"https:\/\/www.best-dentist-dentistry.com\/de\/wp-json\/wp\/v2\/posts\/31377","targetHints":{"allow":["GET"]}}],"collection":[{"href":"https:\/\/www.best-dentist-dentistry.com\/de\/wp-json\/wp\/v2\/posts"}],"about":[{"href":"https:\/\/www.best-dentist-dentistry.com\/de\/wp-json\/wp\/v2\/types\/post"}],"author":[{"embeddable":true,"href":"https:\/\/www.best-dentist-dentistry.com\/de\/wp-json\/wp\/v2\/users\/1"}],"replies":[{"embeddable":true,"href":"https:\/\/www.best-dentist-dentistry.com\/de\/wp-json\/wp\/v2\/comments?post=31377"}],"version-history":[{"count":0,"href":"https:\/\/www.best-dentist-dentistry.com\/de\/wp-json\/wp\/v2\/posts\/31377\/revisions"}],"wp:attachment":[{"href":"https:\/\/www.best-dentist-dentistry.com\/de\/wp-json\/wp\/v2\/media?parent=31377"}],"wp:term":[{"taxonomy":"category","embeddable":true,"href":"https:\/\/www.best-dentist-dentistry.com\/de\/wp-json\/wp\/v2\/categories?post=31377"},{"taxonomy":"post_tag","embeddable":true,"href":"https:\/\/www.best-dentist-dentistry.com\/de\/wp-json\/wp\/v2\/tags?post=31377"}],"curies":[{"name":"wp","href":"https:\/\/api.w.org\/{rel}","templated":true}]}}